{"id":2545,"date":"2022-03-14T06:08:24","date_gmt":"2022-03-14T06:08:24","guid":{"rendered":"https:\/\/fuecapilar.com\/?p=4340"},"modified":"2023-09-12T15:10:20","modified_gmt":"2023-09-12T15:10:20","slug":"alopecia-retrograda-trasplante-capilar","status":"publish","type":"post","link":"https:\/\/fuecapilar.com\/es\/alopecia-retrograda-trasplante-capilar\/","title":{"rendered":"Alopecia Retr\u00f3grada y Trasplante Capilar"},"content":{"rendered":"<p><span style=\"font-weight: 400;\">Estimado lector, si te encuentras leyendo este post, probablemente est\u00e9s interesado en aprender m\u00e1s sobre <\/span><span style=\"font-weight: 400;\">la p\u00e9rdida de cabello y c\u00f3mo encontrar una soluci\u00f3n para ello. No vamos a hablar de la conocida Alopecia Androg\u00e9nica (AGA) sino de un tipo espec\u00edfico de alopecia:\u00a0 la Alopecia Retr\u00f3grada, que se diferencia de la anterior por tener un patr\u00f3n diferente.<\/span><span style=\"font-weight: 400;\"><br \/>\n<\/span><span style=\"font-weight: 400;\"><br \/>\n<\/span><span style=\"font-weight: 400;\">El por qu\u00e9 y el c\u00f3mo de la ca\u00edda del cabello son bien conocidos. Estamos familiarizados con el hecho de que la p\u00e9rdida de cabello ocurre en ambos sexos de manera diferente, ya que no solo somos gen\u00e9ticamente diferentes, sino que tambi\u00e9n producimos diferentes tipos y cantidades de hormonas. <\/span><span style=\"font-weight: 400;\"><br \/>\n<\/span><span style=\"font-weight: 400;\">En los hombres la hormona que provoca la alopecia es la testosterona, aunque la verdadera causa hay que buscarla en la relaci\u00f3n de \u00e9sta, con la enzima 5-alfa-reductasa. <\/span><span style=\"font-weight: 400;\"><br \/>\n<\/span><span style=\"font-weight: 400;\">Cuando esta enzima se une a la testosterona libre, crea la hormona Dihidrotestosterona (DHT), que tiende a debilitar el cabello hasta llegar a miniaturizarlo.<\/span><\/p>\n<p><span style=\"font-weight: 400;\">Hablamos, de hecho, en general de alopecia androg\u00e9nica, pero esta toma diferentes nombres seg\u00fan el sexo del\/la paciente y esto les afecta de manera diferente seg\u00fan las \u00e1reas involucradas.<\/span><\/p>\n<h2><b>\u00bfQU\u00c9 ES ALOPECIA RETR\u00d3GRADA?\u00a0<\/b><\/h2>\n<p><span style=\"font-weight: 400;\">La alopecia retr\u00f3grada es, quiz\u00e1s, una de las formas menos conocidas de alopecia androgen\u00e9tica, probablemente porque afecta solo al 5-10% de las personas afectadas por AGA.<\/span><span style=\"font-weight: 400;\"><br \/>\n<\/span><span style=\"font-weight: 400;\"><br \/>\n<\/span><span style=\"font-weight: 400;\">Esta forma de alopecia es menos conocida ya que tiene menos impacto tanto visual como est\u00e9tico. Lo que caracteriza a este tipo de alopecia son las zonas que se ven afectadas por ella: la zona occipital inferior del cuero cabelludo y las dos zonas parietales sobre las orejas y en ocasiones incluso las patillas.<\/span><\/p>\n\n<div class=\"wpcf7 no-js\" id=\"wpcf7-f3128-o1\" lang=\"es-ES\" dir=\"ltr\" data-wpcf7-id=\"3128\">\n<div class=\"screen-reader-response\"><p role=\"status\" aria-live=\"polite\" aria-atomic=\"true\"><\/p> <ul><\/ul><\/div>\n<form action=\"\/es\/wp-json\/wp\/v2\/posts\/2545#wpcf7-f3128-o1\" method=\"post\" class=\"wpcf7-form init\" aria-label=\"Formulario de contacto\" novalidate=\"novalidate\" data-status=\"init\">\n<fieldset class=\"hidden-fields-container\"><input type=\"hidden\" name=\"_wpcf7\" value=\"3128\" \/><input type=\"hidden\" name=\"_wpcf7_version\" value=\"6.1.5\" \/><input type=\"hidden\" name=\"_wpcf7_locale\" value=\"es_ES\" \/><input type=\"hidden\" name=\"_wpcf7_unit_tag\" value=\"wpcf7-f3128-o1\" \/><input type=\"hidden\" name=\"_wpcf7_container_post\" value=\"0\" \/><input type=\"hidden\" name=\"_wpcf7_posted_data_hash\" value=\"\" \/>\n<\/fieldset>\n<div class=\"form-post\">\n\t<div class=\"form-post-titulo\">\n\t\t<p>Quiero recibir m\u00e1s informaci\u00f3n\n\t\t<\/p>\n\t<\/div>\n\t<div class=\"form-post-campos\">\n\t\t<div class=\"form-post-campo\">\n\t\t\t<p><span class=\"wpcf7-form-control-wrap\" data-name=\"your-name\"><input size=\"40\" maxlength=\"400\" class=\"wpcf7-form-control wpcf7-text wpcf7-validates-as-required\" aria-required=\"true\" aria-invalid=\"false\" placeholder=\"Nombree\" value=\"\" type=\"text\" name=\"your-name\" \/><\/span>\n\t\t\t<\/p>\n\t\t<\/div>\n\t\t<div class=\"form-post-campo\">\n\t\t\t<p><span class=\"wpcf7-form-control-wrap\" data-name=\"your-email\"><input size=\"40\" maxlength=\"400\" class=\"wpcf7-form-control wpcf7-email wpcf7-validates-as-required wpcf7-text wpcf7-validates-as-email\" aria-required=\"true\" aria-invalid=\"false\" placeholder=\"E-mail\" value=\"\" type=\"email\" name=\"your-email\" \/><\/span>\n\t\t\t<\/p>\n\t\t<\/div>\n\t\t<div class=\"form-post-campo\">\n\t\t\t<p><span class=\"wpcf7-form-control-wrap\" data-name=\"telefono\"><input size=\"40\" maxlength=\"400\" class=\"wpcf7-form-control wpcf7-tel wpcf7-validates-as-required wpcf7-text wpcf7-validates-as-tel\" aria-required=\"true\" aria-invalid=\"false\" placeholder=\"Tel\u00e9fono\" value=\"\" type=\"tel\" name=\"telefono\" \/><\/span>\n\t\t\t<\/p>\n\t\t<\/div>\n\t\t<div class=\"form-post-boton\">\n\t\t\t<p><input class=\"wpcf7-form-control wpcf7-submit has-spinner\" type=\"submit\" value=\"Enviar\" \/>\n\t\t\t<\/p>\n\t\t<\/div>\n\t<\/div>\n\t<div class=\"clear\">\n\t<\/div>\n\t<div class=\"form-post-politica\">\n\t\t<div>\n\t\t\t<p><span class=\"wpcf7-form-control-wrap\" data-name=\"acceptance-498\"><span class=\"wpcf7-form-control wpcf7-acceptance\"><span class=\"wpcf7-list-item\"><input type=\"checkbox\" name=\"acceptance-498\" value=\"1\" aria-invalid=\"false\" \/><\/span><\/span><\/span>\n\t\t\t<\/p>\n\t\t<\/div>\n\t\t<div>\n\t\t\t<p>He le\u00eddo la <a href=\"https:\/\/www.fuecapilar.com\/privacy-policy\/\">pol\u00edtica de privacidad<\/a>\n\t\t\t<\/p>\n\t\t<\/div>\n\t<\/div>\n<\/div><div class=\"wpcf7-response-output\" aria-hidden=\"true\"><\/div>\n<\/form>\n<\/div>\n\n<h2><b>QU\u00c9 DIFERENCIAS HAY ENTRE ALOPECIA RETR\u00d3GRADA Y ALOPECIA ANDROGEN\u00c9TICA?<\/b><b><br \/>\n<\/b><\/h2>\n<p><span style=\"font-weight: 400;\">La diferencia sustancial entre la alopecia retr\u00f3grada y la alopecia androgen\u00e9tica (AGA) \u00abcl\u00e1sica\u00bb, viene dada por las zonas donde el cabello se encuentra miniaturizado. Este fen\u00f3meno, y la consiguiente ca\u00edda, se inicia desde la base del cuello, procediendo hacia arriba (por este motivo, en ocasiones tambi\u00e9n denominada \u201calopecia vertical\u201d) y\/o en las dos zonas parietales alrededor de las orejas. Este patr\u00f3n difiere del de AGA, donde la ca\u00edda comienza desde la parte frontal del cuero cabelludo, con el retroceso de la l\u00ednea de entradas y con la ca\u00edda del cabello en la parte central del cuero cabelludo hasta la zona de la coronilla.<\/span><\/p>\n<h2><b>C\u00d3MO IDENTIFICAR SI EST\u00c1S SIENDO AFECTADO POR\u00a0 UNA ALOPECIA RETR\u00d3GRADA?\u00a0<\/b><\/h2>\n<p><span style=\"font-weight: 400;\">Evidentemente este tipo de alopecia,\u00a0 no es tan visible como el de la cl\u00e1sica calvicie de patr\u00f3n masculino: cuando nos miramos en el espejo normalmente nos vemos abocados a mirar lo que se nos presenta frente a nosotros y sobre todo a cualquier miniaturizaci\u00f3n en cuanto a la l\u00ednea de entradas. A menos que alguien m\u00e1s se\u00f1ale esta miniaturizaci\u00f3n en la parte de atr\u00e1s, es muy dif\u00edcil que prestemos atenci\u00f3n a esta eventualidad.<\/span><\/p>\n<p><span style=\"font-weight: 400;\">Si somos especialmente cuidadosos con nuestro cabello tanto por motivos personales como de imagen, y queremos estar siempre seguros de nuestro aspecto, es recomendable consultar peri\u00f3dicamente a un dermat\u00f3logo o un tric\u00f3logo (un dermat\u00f3logo que tuvo la oportunidad de estudiar espec\u00edficamente el cabello y todos los problemas relacionados con ello).<\/span><\/p>\n<p><span style=\"font-weight: 400;\">El m\u00e9dico en cuesti\u00f3n, a trav\u00e9s de un examen espec\u00edfico (tricosc\u00f3pico) es capaz de examinar el cuero cabelludo en detalle y buscar cabellos miniaturizados en las diferentes partes del cuero cabelludo.<\/span><\/p>\n<h2><b>\u00bfQU\u00c9 HACER SI HAS SIDO DIAGNOSTICADO CON\u00a0 ALOPECIA RETR\u00d3GRADA?\u00a0<\/b><\/h2>\n<p><span style=\"font-weight: 400;\">Los tratamientos para combatir y, por tanto, bloquear este tipo de alopecia insidiosa, son exactamente los mismos que para combatir y bloquear la ca\u00edda en la parte superior del cuero cabelludo: <\/span><span style=\"font-weight: 400;\"><br \/>\n<\/span><span style=\"font-weight: 400;\">Finasteride, Dutasteride, Minoxidil, LLLT (terapia con l\u00e1ser de baja intensidad) y <a href=\"https:\/\/fuecapilar.com\/fr\/tout-sur-les-cheveux\/prp-traitement-par-plasma-riche-plaquettes\/\">PRP<\/a> (Plasma rico en plaquetas).<\/span><\/p>\n<p>\n<div class=\"wpcf7 no-js\" id=\"wpcf7-f3128-o2\" lang=\"es-ES\" dir=\"ltr\" data-wpcf7-id=\"3128\">\n<div class=\"screen-reader-response\"><p role=\"status\" aria-live=\"polite\" aria-atomic=\"true\"><\/p> <ul><\/ul><\/div>\n<form action=\"\/es\/wp-json\/wp\/v2\/posts\/2545#wpcf7-f3128-o2\" method=\"post\" class=\"wpcf7-form init\" aria-label=\"Formulario de contacto\" novalidate=\"novalidate\" data-status=\"init\">\n<fieldset class=\"hidden-fields-container\"><input type=\"hidden\" name=\"_wpcf7\" value=\"3128\" \/><input type=\"hidden\" name=\"_wpcf7_version\" value=\"6.1.5\" \/><input type=\"hidden\" name=\"_wpcf7_locale\" value=\"es_ES\" \/><input type=\"hidden\" name=\"_wpcf7_unit_tag\" value=\"wpcf7-f3128-o2\" \/><input type=\"hidden\" name=\"_wpcf7_container_post\" value=\"0\" \/><input type=\"hidden\" name=\"_wpcf7_posted_data_hash\" value=\"\" \/>\n<\/fieldset>\n<div class=\"form-post\">\n\t<div class=\"form-post-titulo\">\n\t\t<p>Quiero recibir m\u00e1s informaci\u00f3n\n\t\t<\/p>\n\t<\/div>\n\t<div class=\"form-post-campos\">\n\t\t<div class=\"form-post-campo\">\n\t\t\t<p><span class=\"wpcf7-form-control-wrap\" data-name=\"your-name\"><input size=\"40\" maxlength=\"400\" class=\"wpcf7-form-control wpcf7-text wpcf7-validates-as-required\" aria-required=\"true\" aria-invalid=\"false\" placeholder=\"Nombree\" value=\"\" type=\"text\" name=\"your-name\" \/><\/span>\n\t\t\t<\/p>\n\t\t<\/div>\n\t\t<div class=\"form-post-campo\">\n\t\t\t<p><span class=\"wpcf7-form-control-wrap\" data-name=\"your-email\"><input size=\"40\" maxlength=\"400\" class=\"wpcf7-form-control wpcf7-email wpcf7-validates-as-required wpcf7-text wpcf7-validates-as-email\" aria-required=\"true\" aria-invalid=\"false\" placeholder=\"E-mail\" value=\"\" type=\"email\" name=\"your-email\" \/><\/span>\n\t\t\t<\/p>\n\t\t<\/div>\n\t\t<div class=\"form-post-campo\">\n\t\t\t<p><span class=\"wpcf7-form-control-wrap\" data-name=\"telefono\"><input size=\"40\" maxlength=\"400\" class=\"wpcf7-form-control wpcf7-tel wpcf7-validates-as-required wpcf7-text wpcf7-validates-as-tel\" aria-required=\"true\" aria-invalid=\"false\" placeholder=\"Tel\u00e9fono\" value=\"\" type=\"tel\" name=\"telefono\" \/><\/span>\n\t\t\t<\/p>\n\t\t<\/div>\n\t\t<div class=\"form-post-boton\">\n\t\t\t<p><input class=\"wpcf7-form-control wpcf7-submit has-spinner\" type=\"submit\" value=\"Enviar\" \/>\n\t\t\t<\/p>\n\t\t<\/div>\n\t<\/div>\n\t<div class=\"clear\">\n\t<\/div>\n\t<div class=\"form-post-politica\">\n\t\t<div>\n\t\t\t<p><span class=\"wpcf7-form-control-wrap\" data-name=\"acceptance-498\"><span class=\"wpcf7-form-control wpcf7-acceptance\"><span class=\"wpcf7-list-item\"><input type=\"checkbox\" name=\"acceptance-498\" value=\"1\" aria-invalid=\"false\" \/><\/span><\/span><\/span>\n\t\t\t<\/p>\n\t\t<\/div>\n\t\t<div>\n\t\t\t<p>He le\u00eddo la <a href=\"https:\/\/www.fuecapilar.com\/privacy-policy\/\">pol\u00edtica de privacidad<\/a>\n\t\t\t<\/p>\n\t\t<\/div>\n\t<\/div>\n<\/div><div class=\"wpcf7-response-output\" aria-hidden=\"true\"><\/div>\n<\/form>\n<\/div>\n<span style=\"font-weight: 400;\"><br \/>\n<\/span><span style=\"font-weight: 400;\"><br \/>\n<\/span><span style=\"font-weight: 400;\">Aunque estos tratamientos solo dar\u00edan la posibilidad de frenar la ca\u00edda en esas zonas, mejorando adem\u00e1s el aspecto visual, no suponen una cura definitiva (es un tratamiento, no una cura). <\/span><span style=\"font-weight: 400;\"><br \/>\n<\/span><span style=\"font-weight: 400;\">Como es bien sabido, este tipo de tratamientos son temporales, y los beneficios asociados a ellos se mantienen mientras se utilicen y finalizan cuando decidimos suspenderlos: por desgracia no luchamos contra un virus, sino contra algo que est\u00e1 arraigado en nosotros gen\u00e9ticamente hablando, y para el que no existe una cura definitiva.<\/span><\/p>\n<h2><b>\u00bfCU\u00c1LES SON LOS PROBLEMAS DE LA ALOPECIA RETR\u00d3GRADA RESPECTO AL TRANSPLANTE CAPILAR?\u00a0<\/b><\/h2>\n<p><span style=\"font-weight: 400;\">Evidentemente, al igual que ocurre con otras formas de alopecia androg\u00e9nica, el impacto visual depende de la agresividad con la que afecte a las citadas zonas. <\/span><span style=\"font-weight: 400;\"><br \/>\n<\/span><span style=\"font-weight: 400;\">Sin embargo, el gran problema que trae consigo la alopecia retr\u00f3grada en los pacientes que quieren someterse a un trasplante capilar, es que b\u00e1sicamente, reduce la superficie de la zona donante.<\/span><span style=\"font-weight: 400;\"><br \/>\n<\/span><span style=\"font-weight: 400;\">Debe quedar claro que ambas zonas involucradas en la alopecia retr\u00f3grada son a la vez, dos zonas muy importantes del \u00e1rea donante:<\/span><span style=\"font-weight: 400;\"><br \/>\n<\/span><span style=\"font-weight: 400;\">1) la <\/span><b>nuca<\/b><span style=\"font-weight: 400;\"> es el lugar de donde normalmente se extraen la mayor cantidad de injertos para implantar en las \u00e1reas donde se ha producido la ca\u00edda;<\/span><\/p>\n<p><span style=\"font-weight: 400;\">2) los <\/span><b>lados del cuero cabelludo<\/b><span style=\"font-weight: 400;\">, arriba de las orejas, en la regi\u00f3n temporal lateral, son los que se utilizan normalmente para reconstruir la l\u00ednea del cabello (en estas 2 zonas parietales es posible encontrar la mayor cantidad de fol\u00edculos de un solo cabello).<\/span><\/p>\n<p><span style=\"font-weight: 400;\">Por lo dicho hasta ahora a la hora de analizar el cuero cabelludo de un paciente que pretende someterse a un trasplante capilar, no basta con centrarse solo en el estudio de la parte frontal del cuero cabelludo, del cuero cabelludo medio y de la coronilla\u00a0 para hacerse una idea de c\u00f3mo podr\u00eda evolucionar la propia alopecia. Analizar tambi\u00e9n el \u00e1rea de la nuca es muy importante, ya que si se encuentra miniaturizaci\u00f3n en esa \u00e1rea, podr\u00eda ser una clara se\u00f1al del principio de una alopecia retr\u00f3grada, poniendo al paciente en riesgo de no ser un buen candidato para un posible trasplante.<br \/>\n<\/span><span style=\"font-weight: 400;\"><br \/>\n<\/span><span style=\"font-weight: 400;\">\u00a0<\/span><span style=\"font-weight: 400;\">Tambi\u00e9n hay que considerar que si alguien est\u00e1 afectado de alopecia retr\u00f3grada y aunque t\u00e9cnicamente el trasplante pudiera ser posible, en la pr\u00e1ctica el paciente no tendr\u00eda ning\u00fan efecto positivo ya que el cabello implantado tambi\u00e9n estar\u00eda sujeto a p\u00e9rdida, anulando as\u00ed el resultado del trasplante.<\/span><span style=\"font-weight: 400;\"><br \/>\n<\/span><\/p>\n<h2><b>\u00bf QU\u00c9 T\u00c9CNICA DE EXTRACCI\u00d3N CONVIENE MAS PARA UN PACIENTE CON ALOPECIA RETR\u00d3GRADA?\u00a0<\/b><\/h2>\n<p><span style=\"font-weight: 400;\">Ya que ahora sabemos cu\u00e1les son las caracter\u00edsticas de la alopecia retr\u00f3grada, la forma en que afecta al cuero cabelludo y por tanto cu\u00e1les son las se\u00f1ales que la caracterizan y los posibles tratamientos, solo nos queda analizar cu\u00e1l podr\u00eda ser la mejor manera de intervenir pensando en un posible trasplante.<\/span><\/p>\n<p><span style=\"font-weight: 400;\">\n<div class=\"wpcf7 no-js\" id=\"wpcf7-f3128-o3\" lang=\"es-ES\" dir=\"ltr\" data-wpcf7-id=\"3128\">\n<div class=\"screen-reader-response\"><p role=\"status\" aria-live=\"polite\" aria-atomic=\"true\"><\/p> <ul><\/ul><\/div>\n<form action=\"\/es\/wp-json\/wp\/v2\/posts\/2545#wpcf7-f3128-o3\" method=\"post\" class=\"wpcf7-form init\" aria-label=\"Formulario de contacto\" novalidate=\"novalidate\" data-status=\"init\">\n<fieldset class=\"hidden-fields-container\"><input type=\"hidden\" name=\"_wpcf7\" value=\"3128\" \/><input type=\"hidden\" name=\"_wpcf7_version\" value=\"6.1.5\" \/><input type=\"hidden\" name=\"_wpcf7_locale\" value=\"es_ES\" \/><input type=\"hidden\" name=\"_wpcf7_unit_tag\" value=\"wpcf7-f3128-o3\" \/><input type=\"hidden\" name=\"_wpcf7_container_post\" value=\"0\" \/><input type=\"hidden\" name=\"_wpcf7_posted_data_hash\" value=\"\" \/>\n<\/fieldset>\n<div class=\"form-post\">\n\t<div class=\"form-post-titulo\">\n\t\t<p>Quiero recibir m\u00e1s informaci\u00f3n\n\t\t<\/p>\n\t<\/div>\n\t<div class=\"form-post-campos\">\n\t\t<div class=\"form-post-campo\">\n\t\t\t<p><span class=\"wpcf7-form-control-wrap\" data-name=\"your-name\"><input size=\"40\" maxlength=\"400\" class=\"wpcf7-form-control wpcf7-text wpcf7-validates-as-required\" aria-required=\"true\" aria-invalid=\"false\" placeholder=\"Nombree\" value=\"\" type=\"text\" name=\"your-name\" \/><\/span>\n\t\t\t<\/p>\n\t\t<\/div>\n\t\t<div class=\"form-post-campo\">\n\t\t\t<p><span class=\"wpcf7-form-control-wrap\" data-name=\"your-email\"><input size=\"40\" maxlength=\"400\" class=\"wpcf7-form-control wpcf7-email wpcf7-validates-as-required wpcf7-text wpcf7-validates-as-email\" aria-required=\"true\" aria-invalid=\"false\" placeholder=\"E-mail\" value=\"\" type=\"email\" name=\"your-email\" \/><\/span>\n\t\t\t<\/p>\n\t\t<\/div>\n\t\t<div class=\"form-post-campo\">\n\t\t\t<p><span class=\"wpcf7-form-control-wrap\" data-name=\"telefono\"><input size=\"40\" maxlength=\"400\" class=\"wpcf7-form-control wpcf7-tel wpcf7-validates-as-required wpcf7-text wpcf7-validates-as-tel\" aria-required=\"true\" aria-invalid=\"false\" placeholder=\"Tel\u00e9fono\" value=\"\" type=\"tel\" name=\"telefono\" \/><\/span>\n\t\t\t<\/p>\n\t\t<\/div>\n\t\t<div class=\"form-post-boton\">\n\t\t\t<p><input class=\"wpcf7-form-control wpcf7-submit has-spinner\" type=\"submit\" value=\"Enviar\" \/>\n\t\t\t<\/p>\n\t\t<\/div>\n\t<\/div>\n\t<div class=\"clear\">\n\t<\/div>\n\t<div class=\"form-post-politica\">\n\t\t<div>\n\t\t\t<p><span class=\"wpcf7-form-control-wrap\" data-name=\"acceptance-498\"><span class=\"wpcf7-form-control wpcf7-acceptance\"><span class=\"wpcf7-list-item\"><input type=\"checkbox\" name=\"acceptance-498\" value=\"1\" aria-invalid=\"false\" \/><\/span><\/span><\/span>\n\t\t\t<\/p>\n\t\t<\/div>\n\t\t<div>\n\t\t\t<p>He le\u00eddo la <a href=\"https:\/\/www.fuecapilar.com\/privacy-policy\/\">pol\u00edtica de privacidad<\/a>\n\t\t\t<\/p>\n\t\t<\/div>\n\t<\/div>\n<\/div><div class=\"wpcf7-response-output\" aria-hidden=\"true\"><\/div>\n<\/form>\n<\/div>\n<\/span><\/p>\n<p><span style=\"font-weight: 400;\">Ya que como sabemos el trasplante se compone esencialmente de dos partes; <\/span><span style=\"font-weight: 400;\"><br \/>\n<\/span><span style=\"font-weight: 400;\">1)\u00a0 Extracci\u00f3n de las unidades foliculares, <\/span><span style=\"font-weight: 400;\"><br \/>\n<\/span><span style=\"font-weight: 400;\">2)\u00a0 Implantaci\u00f3n de estas unidades para cubrir las zonas calvas, \u00bfpodr\u00edamos preguntarnos cu\u00e1l es la mejor t\u00e9cnica para la extracci\u00f3n de las unidades foliculares: <a href=\"https:\/\/fuecapilar.com\/trasplante-capilar-tecnica-dhi\/\">FUE<\/a> o FUT\/FUSS (tira)?<\/span><span style=\"font-weight: 400;\"><br \/>\n<\/span><span style=\"font-weight: 400;\"><br \/>\n<\/span><span style=\"font-weight: 400;\">La t\u00e9cnica FUT, aunque cada vez se escucha menos, sigue siendo muy utilizada porque, sobre todo en personas muy j\u00f3venes, es una excelente soluci\u00f3n: piel extremadamente el\u00e1stica, m\u00e1ximo n\u00famero de unidades foliculares removibles de la porci\u00f3n cut\u00e1nea extra\u00edda y, con las t\u00e9cnicas actuales de la cirug\u00eda pl\u00e1stica, la cicatriz es cada vez menos visible.<\/span><\/p>\n<p>&nbsp;<\/p>\n<p><span style=\"font-weight: 400;\">Como hemos dicho, la zona segura del \u00e1rea donante representa esa parte estrecha de la nuca donde los fol\u00edculos suelen estar menos sujetos a AGA y, por tanto, la zona a la que, casi con total seguridad, nunca llegar\u00e1 la alopecia retr\u00f3grada. Por lo dicho anteriormente, la t\u00e9cnica FUT parecer\u00eda la mejor t\u00e9cnica para extraer las unidades foliculares en pacientes que padecen alopecia retr\u00f3grada. Si la t\u00e9cnica FUE se usa \u00fanica y exclusivamente en la zona segura, el riesgo ser\u00eda tener un \u00e1rea sobre-extra\u00edda, que podr\u00eda ser extremadamente visible y antiest\u00e9tica, una vez que el cabello ha vuelto a crecer.<\/span><\/p>\n<h2><b>CONCLUSIONES<\/b><\/h2>\n<p><span style=\"font-weight: 400;\">En general, si tomas la decisi\u00f3n de\u00a0 someterte a un trasplante de cabello, antes de contactar con una cl\u00ednica, se recomienda contactar siempre con un experto (dermat\u00f3logo y\/o tric\u00f3logo) para saber si padeces determinadas patolog\u00edas y asesorarte de la mejor manera posible sobre las alternativas, ya sea en cuanto a tratamientos o en cuanto a implantes.<\/span><span style=\"font-weight: 400;\"><br \/>\n<\/span><span style=\"font-weight: 400;\">Este tipo de m\u00e9dicos pueden guiarte en la direcci\u00f3n correcta, evitando someterte a tratamientos caseros o rumores, porque cada persona es diferente y tambi\u00e9n lo son los tratamientos y las reacciones. Si se habla de la alopecia retr\u00f3grada esto es totalmente recomendable.<\/span><\/p>\n<p>&nbsp;<\/p>\n","protected":false},"excerpt":{"rendered":"<p>Estimado lector, si te encuentras leyendo este post, probablemente est\u00e9s interesado en aprender m\u00e1s sobre la p\u00e9rdida de cabello y c\u00f3mo encontrar una soluci\u00f3n para ello. No vamos a hablar de la conocida Alopecia Androg\u00e9nica (AGA) sino de un tipo espec\u00edfico de alopecia:\u00a0 la Alopecia Retr\u00f3grada, que se diferencia de la anterior por tener un [&hellip;]<\/p>\n","protected":false},"author":2,"featured_media":2444,"comment_status":"open","ping_status":"open","sticky":false,"template":"","format":"standard","meta":{"site-sidebar-layout":"default","site-content-layout":"default","ast-site-content-layout":"","site-content-style":"default","site-sidebar-style":"default","ast-global-header-display":"","ast-banner-title-visibility":"","ast-main-header-display":"","ast-hfb-above-header-display":"","ast-hfb-below-header-display":"","ast-hfb-mobile-header-display":"","site-post-title":"","ast-breadcrumbs-content":"","ast-featured-img":"","footer-sml-layout":"","theme-transparent-header-meta":"default","adv-header-id-meta":"","stick-header-meta":"","header-above-stick-meta":"","header-main-stick-meta":"","header-below-stick-meta":"","astra-migrate-meta-layouts":"default","ast-page-background-enabled":"default","ast-page-background-meta":{"desktop":{"background-color":"var(--ast-global-color-4)","background-image":"","background-repeat":"repeat","background-position":"center center","background-size":"auto","background-attachment":"scroll","background-type":"","background-media":"","overlay-type":"","overlay-color":"","overlay-opacity":"","overlay-gradient":""},"tablet":{"background-color":"","background-image":"","background-repeat":"repeat","background-position":"center center","background-size":"auto","background-attachment":"scroll","background-type":"","background-media":"","overlay-type":"","overlay-color":"","overlay-opacity":"","overlay-gradient":""},"mobile":{"background-color":"","background-image":"","background-repeat":"repeat","background-position":"center center","background-size":"auto","background-attachment":"scroll","background-type":"","background-media":"","overlay-type":"","overlay-color":"","overlay-opacity":"","overlay-gradient":""}},"ast-content-background-meta":{"desktop":{"background-color":"var(--ast-global-color-5)","background-image":"","background-repeat":"repeat","background-position":"center center","background-size":"auto","background-attachment":"scroll","background-type":"","background-media":"","overlay-type":"","overlay-color":"","overlay-opacity":"","overlay-gradient":""},"tablet":{"background-color":"var(--ast-global-color-5)","background-image":"","background-repeat":"repeat","background-position":"center center","background-size":"auto","background-attachment":"scroll","background-type":"","background-media":"","overlay-type":"","overlay-color":"","overlay-opacity":"","overlay-gradient":""},"mobile":{"background-color":"var(--ast-global-color-5)","background-image":"","background-repeat":"repeat","background-position":"center center","background-size":"auto","background-attachment":"scroll","background-type":"","background-media":"","overlay-type":"","overlay-color":"","overlay-opacity":"","overlay-gradient":""}},"footnotes":""},"categories":[],"tags":[],"class_list":["post-2545","post","type-post","status-publish","format-standard","has-post-thumbnail","hentry"],"yoast_head":"<!-- This site is optimized with the Yoast SEO plugin v27.4 - https:\/\/yoast.com\/product\/yoast-seo-wordpress\/ -->\n<title>Alopecia Retr\u00f3grada y Trasplante Capilar - FUECAPILAR<\/title>\n<meta name=\"robots\" content=\"index, follow, max-snippet:-1, max-image-preview:large, max-video-preview:-1\" \/>\n<link rel=\"canonical\" href=\"https:\/\/fuecapilar.com\/es\/alopecia-retrograda-trasplante-capilar\/\" \/>\n<meta property=\"og:locale\" content=\"es_ES\" \/>\n<meta property=\"og:type\" content=\"article\" \/>\n<meta property=\"og:title\" content=\"Alopecia Retr\u00f3grada y Trasplante Capilar - FUECAPILAR\" \/>\n<meta property=\"og:description\" content=\"Estimado lector, si te encuentras leyendo este post, probablemente est\u00e9s interesado en aprender m\u00e1s sobre la p\u00e9rdida de cabello y c\u00f3mo encontrar una soluci\u00f3n para ello. No vamos a hablar de la conocida Alopecia Androg\u00e9nica (AGA) sino de un tipo espec\u00edfico de alopecia:\u00a0 la Alopecia Retr\u00f3grada, que se diferencia de la anterior por tener un [&hellip;]\" \/>\n<meta property=\"og:url\" content=\"https:\/\/fuecapilar.com\/es\/alopecia-retrograda-trasplante-capilar\/\" \/>\n<meta property=\"og:site_name\" content=\"FUECAPILAR\" \/>\n<meta property=\"article:published_time\" content=\"2022-03-14T06:08:24+00:00\" \/>\n<meta property=\"article:modified_time\" content=\"2023-09-12T15:10:20+00:00\" \/>\n<meta property=\"og:image\" content=\"https:\/\/fuecapilar.com\/wp-content\/uploads\/2022\/03\/1844293-scaled.jpg\" \/>\n\t<meta property=\"og:image:width\" content=\"2560\" \/>\n\t<meta property=\"og:image:height\" content=\"1707\" \/>\n\t<meta property=\"og:image:type\" content=\"image\/jpeg\" \/>\n<meta name=\"author\" content=\"fuecapilar\" \/>\n<meta name=\"twitter:card\" content=\"summary_large_image\" \/>\n<meta name=\"twitter:label1\" content=\"Escrito por\" \/>\n\t<meta name=\"twitter:data1\" content=\"fuecapilar\" \/>\n\t<meta name=\"twitter:label2\" content=\"Tiempo de lectura\" \/>\n\t<meta name=\"twitter:data2\" content=\"8 minutos\" \/>\n<script type=\"application\/ld+json\" class=\"yoast-schema-graph\">{\"@context\":\"https:\\\/\\\/schema.org\",\"@graph\":[{\"@type\":\"Article\",\"@id\":\"https:\\\/\\\/fuecapilar.com\\\/es\\\/alopecia-retrograda-trasplante-capilar\\\/#article\",\"isPartOf\":{\"@id\":\"https:\\\/\\\/fuecapilar.com\\\/es\\\/alopecia-retrograda-trasplante-capilar\\\/\"},\"author\":{\"name\":\"fuecapilar\",\"@id\":\"https:\\\/\\\/fuecapilar.com\\\/#\\\/schema\\\/person\\\/76e22a8dbc23e73c56c4e753c31c3b95\"},\"headline\":\"Alopecia Retr\u00f3grada y Trasplante Capilar\",\"datePublished\":\"2022-03-14T06:08:24+00:00\",\"dateModified\":\"2023-09-12T15:10:20+00:00\",\"mainEntityOfPage\":{\"@id\":\"https:\\\/\\\/fuecapilar.com\\\/es\\\/alopecia-retrograda-trasplante-capilar\\\/\"},\"wordCount\":1518,\"commentCount\":0,\"publisher\":{\"@id\":\"https:\\\/\\\/fuecapilar.com\\\/#organization\"},\"image\":{\"@id\":\"https:\\\/\\\/fuecapilar.com\\\/es\\\/alopecia-retrograda-trasplante-capilar\\\/#primaryimage\"},\"thumbnailUrl\":\"https:\\\/\\\/fuecapilar.com\\\/wp-content\\\/uploads\\\/2022\\\/03\\\/1844293-scaled.jpg\",\"inLanguage\":\"es\",\"potentialAction\":[{\"@type\":\"CommentAction\",\"name\":\"Comment\",\"target\":[\"https:\\\/\\\/fuecapilar.com\\\/es\\\/alopecia-retrograda-trasplante-capilar\\\/#respond\"]}]},{\"@type\":\"WebPage\",\"@id\":\"https:\\\/\\\/fuecapilar.com\\\/es\\\/alopecia-retrograda-trasplante-capilar\\\/\",\"url\":\"https:\\\/\\\/fuecapilar.com\\\/es\\\/alopecia-retrograda-trasplante-capilar\\\/\",\"name\":\"Alopecia Retr\u00f3grada y Trasplante Capilar - FUECAPILAR\",\"isPartOf\":{\"@id\":\"https:\\\/\\\/fuecapilar.com\\\/#website\"},\"primaryImageOfPage\":{\"@id\":\"https:\\\/\\\/fuecapilar.com\\\/es\\\/alopecia-retrograda-trasplante-capilar\\\/#primaryimage\"},\"image\":{\"@id\":\"https:\\\/\\\/fuecapilar.com\\\/es\\\/alopecia-retrograda-trasplante-capilar\\\/#primaryimage\"},\"thumbnailUrl\":\"https:\\\/\\\/fuecapilar.com\\\/wp-content\\\/uploads\\\/2022\\\/03\\\/1844293-scaled.jpg\",\"datePublished\":\"2022-03-14T06:08:24+00:00\",\"dateModified\":\"2023-09-12T15:10:20+00:00\",\"breadcrumb\":{\"@id\":\"https:\\\/\\\/fuecapilar.com\\\/es\\\/alopecia-retrograda-trasplante-capilar\\\/#breadcrumb\"},\"inLanguage\":\"es\",\"potentialAction\":[{\"@type\":\"ReadAction\",\"target\":[\"https:\\\/\\\/fuecapilar.com\\\/es\\\/alopecia-retrograda-trasplante-capilar\\\/\"]}]},{\"@type\":\"ImageObject\",\"inLanguage\":\"es\",\"@id\":\"https:\\\/\\\/fuecapilar.com\\\/es\\\/alopecia-retrograda-trasplante-capilar\\\/#primaryimage\",\"url\":\"https:\\\/\\\/fuecapilar.com\\\/wp-content\\\/uploads\\\/2022\\\/03\\\/1844293-scaled.jpg\",\"contentUrl\":\"https:\\\/\\\/fuecapilar.com\\\/wp-content\\\/uploads\\\/2022\\\/03\\\/1844293-scaled.jpg\",\"width\":2560,\"height\":1707},{\"@type\":\"BreadcrumbList\",\"@id\":\"https:\\\/\\\/fuecapilar.com\\\/es\\\/alopecia-retrograda-trasplante-capilar\\\/#breadcrumb\",\"itemListElement\":[{\"@type\":\"ListItem\",\"position\":1,\"name\":\"Home\",\"item\":\"https:\\\/\\\/fuecapilar.com\\\/es\\\/\"},{\"@type\":\"ListItem\",\"position\":2,\"name\":\"Alopecia Retr\u00f3grada y Trasplante Capilar\"}]},{\"@type\":\"WebSite\",\"@id\":\"https:\\\/\\\/fuecapilar.com\\\/#website\",\"url\":\"https:\\\/\\\/fuecapilar.com\\\/\",\"name\":\"FUECAPILAR\",\"description\":\"Surgery performed by a surgeon\",\"publisher\":{\"@id\":\"https:\\\/\\\/fuecapilar.com\\\/#organization\"},\"potentialAction\":[{\"@type\":\"SearchAction\",\"target\":{\"@type\":\"EntryPoint\",\"urlTemplate\":\"https:\\\/\\\/fuecapilar.com\\\/?s={search_term_string}\"},\"query-input\":{\"@type\":\"PropertyValueSpecification\",\"valueRequired\":true,\"valueName\":\"search_term_string\"}}],\"inLanguage\":\"es\"},{\"@type\":\"Organization\",\"@id\":\"https:\\\/\\\/fuecapilar.com\\\/#organization\",\"name\":\"FUECAPILAR\",\"url\":\"https:\\\/\\\/fuecapilar.com\\\/\",\"logo\":{\"@type\":\"ImageObject\",\"inLanguage\":\"es\",\"@id\":\"https:\\\/\\\/fuecapilar.com\\\/#\\\/schema\\\/logo\\\/image\\\/\",\"url\":\"https:\\\/\\\/fuecapilar.com\\\/wp-content\\\/uploads\\\/2023\\\/04\\\/fuecapilar-logo.png\",\"contentUrl\":\"https:\\\/\\\/fuecapilar.com\\\/wp-content\\\/uploads\\\/2023\\\/04\\\/fuecapilar-logo.png\",\"width\":400,\"height\":85,\"caption\":\"FUECAPILAR\"},\"image\":{\"@id\":\"https:\\\/\\\/fuecapilar.com\\\/#\\\/schema\\\/logo\\\/image\\\/\"}},{\"@type\":\"Person\",\"@id\":\"https:\\\/\\\/fuecapilar.com\\\/#\\\/schema\\\/person\\\/76e22a8dbc23e73c56c4e753c31c3b95\",\"name\":\"fuecapilar\",\"image\":{\"@type\":\"ImageObject\",\"inLanguage\":\"es\",\"@id\":\"https:\\\/\\\/secure.gravatar.com\\\/avatar\\\/951a14ccd73caa77e3dbef5ef02f3eaebe8c9a193f5c7f80c0479a7b876d8440?s=96&d=mm&r=g\",\"url\":\"https:\\\/\\\/secure.gravatar.com\\\/avatar\\\/951a14ccd73caa77e3dbef5ef02f3eaebe8c9a193f5c7f80c0479a7b876d8440?s=96&d=mm&r=g\",\"contentUrl\":\"https:\\\/\\\/secure.gravatar.com\\\/avatar\\\/951a14ccd73caa77e3dbef5ef02f3eaebe8c9a193f5c7f80c0479a7b876d8440?s=96&d=mm&r=g\",\"caption\":\"fuecapilar\"},\"url\":\"https:\\\/\\\/fuecapilar.com\\\/es\\\/author\\\/fuecapilar\\\/\"}]}<\/script>\n<!-- \/ Yoast SEO plugin. -->","yoast_head_json":{"title":"Alopecia Retr\u00f3grada y Trasplante Capilar - FUECAPILAR","robots":{"index":"index","follow":"follow","max-snippet":"max-snippet:-1","max-image-preview":"max-image-preview:large","max-video-preview":"max-video-preview:-1"},"canonical":"https:\/\/fuecapilar.com\/es\/alopecia-retrograda-trasplante-capilar\/","og_locale":"es_ES","og_type":"article","og_title":"Alopecia Retr\u00f3grada y Trasplante Capilar - FUECAPILAR","og_description":"Estimado lector, si te encuentras leyendo este post, probablemente est\u00e9s interesado en aprender m\u00e1s sobre la p\u00e9rdida de cabello y c\u00f3mo encontrar una soluci\u00f3n para ello. No vamos a hablar de la conocida Alopecia Androg\u00e9nica (AGA) sino de un tipo espec\u00edfico de alopecia:\u00a0 la Alopecia Retr\u00f3grada, que se diferencia de la anterior por tener un [&hellip;]","og_url":"https:\/\/fuecapilar.com\/es\/alopecia-retrograda-trasplante-capilar\/","og_site_name":"FUECAPILAR","article_published_time":"2022-03-14T06:08:24+00:00","article_modified_time":"2023-09-12T15:10:20+00:00","og_image":[{"width":2560,"height":1707,"url":"https:\/\/fuecapilar.com\/wp-content\/uploads\/2022\/03\/1844293-scaled.jpg","type":"image\/jpeg"}],"author":"fuecapilar","twitter_card":"summary_large_image","twitter_misc":{"Escrito por":"fuecapilar","Tiempo de lectura":"8 minutos"},"schema":{"@context":"https:\/\/schema.org","@graph":[{"@type":"Article","@id":"https:\/\/fuecapilar.com\/es\/alopecia-retrograda-trasplante-capilar\/#article","isPartOf":{"@id":"https:\/\/fuecapilar.com\/es\/alopecia-retrograda-trasplante-capilar\/"},"author":{"name":"fuecapilar","@id":"https:\/\/fuecapilar.com\/#\/schema\/person\/76e22a8dbc23e73c56c4e753c31c3b95"},"headline":"Alopecia Retr\u00f3grada y Trasplante Capilar","datePublished":"2022-03-14T06:08:24+00:00","dateModified":"2023-09-12T15:10:20+00:00","mainEntityOfPage":{"@id":"https:\/\/fuecapilar.com\/es\/alopecia-retrograda-trasplante-capilar\/"},"wordCount":1518,"commentCount":0,"publisher":{"@id":"https:\/\/fuecapilar.com\/#organization"},"image":{"@id":"https:\/\/fuecapilar.com\/es\/alopecia-retrograda-trasplante-capilar\/#primaryimage"},"thumbnailUrl":"https:\/\/fuecapilar.com\/wp-content\/uploads\/2022\/03\/1844293-scaled.jpg","inLanguage":"es","potentialAction":[{"@type":"CommentAction","name":"Comment","target":["https:\/\/fuecapilar.com\/es\/alopecia-retrograda-trasplante-capilar\/#respond"]}]},{"@type":"WebPage","@id":"https:\/\/fuecapilar.com\/es\/alopecia-retrograda-trasplante-capilar\/","url":"https:\/\/fuecapilar.com\/es\/alopecia-retrograda-trasplante-capilar\/","name":"Alopecia Retr\u00f3grada y Trasplante Capilar - FUECAPILAR","isPartOf":{"@id":"https:\/\/fuecapilar.com\/#website"},"primaryImageOfPage":{"@id":"https:\/\/fuecapilar.com\/es\/alopecia-retrograda-trasplante-capilar\/#primaryimage"},"image":{"@id":"https:\/\/fuecapilar.com\/es\/alopecia-retrograda-trasplante-capilar\/#primaryimage"},"thumbnailUrl":"https:\/\/fuecapilar.com\/wp-content\/uploads\/2022\/03\/1844293-scaled.jpg","datePublished":"2022-03-14T06:08:24+00:00","dateModified":"2023-09-12T15:10:20+00:00","breadcrumb":{"@id":"https:\/\/fuecapilar.com\/es\/alopecia-retrograda-trasplante-capilar\/#breadcrumb"},"inLanguage":"es","potentialAction":[{"@type":"ReadAction","target":["https:\/\/fuecapilar.com\/es\/alopecia-retrograda-trasplante-capilar\/"]}]},{"@type":"ImageObject","inLanguage":"es","@id":"https:\/\/fuecapilar.com\/es\/alopecia-retrograda-trasplante-capilar\/#primaryimage","url":"https:\/\/fuecapilar.com\/wp-content\/uploads\/2022\/03\/1844293-scaled.jpg","contentUrl":"https:\/\/fuecapilar.com\/wp-content\/uploads\/2022\/03\/1844293-scaled.jpg","width":2560,"height":1707},{"@type":"BreadcrumbList","@id":"https:\/\/fuecapilar.com\/es\/alopecia-retrograda-trasplante-capilar\/#breadcrumb","itemListElement":[{"@type":"ListItem","position":1,"name":"Home","item":"https:\/\/fuecapilar.com\/es\/"},{"@type":"ListItem","position":2,"name":"Alopecia Retr\u00f3grada y Trasplante Capilar"}]},{"@type":"WebSite","@id":"https:\/\/fuecapilar.com\/#website","url":"https:\/\/fuecapilar.com\/","name":"FUECAPILAR","description":"Surgery performed by a surgeon","publisher":{"@id":"https:\/\/fuecapilar.com\/#organization"},"potentialAction":[{"@type":"SearchAction","target":{"@type":"EntryPoint","urlTemplate":"https:\/\/fuecapilar.com\/?s={search_term_string}"},"query-input":{"@type":"PropertyValueSpecification","valueRequired":true,"valueName":"search_term_string"}}],"inLanguage":"es"},{"@type":"Organization","@id":"https:\/\/fuecapilar.com\/#organization","name":"FUECAPILAR","url":"https:\/\/fuecapilar.com\/","logo":{"@type":"ImageObject","inLanguage":"es","@id":"https:\/\/fuecapilar.com\/#\/schema\/logo\/image\/","url":"https:\/\/fuecapilar.com\/wp-content\/uploads\/2023\/04\/fuecapilar-logo.png","contentUrl":"https:\/\/fuecapilar.com\/wp-content\/uploads\/2023\/04\/fuecapilar-logo.png","width":400,"height":85,"caption":"FUECAPILAR"},"image":{"@id":"https:\/\/fuecapilar.com\/#\/schema\/logo\/image\/"}},{"@type":"Person","@id":"https:\/\/fuecapilar.com\/#\/schema\/person\/76e22a8dbc23e73c56c4e753c31c3b95","name":"fuecapilar","image":{"@type":"ImageObject","inLanguage":"es","@id":"https:\/\/secure.gravatar.com\/avatar\/951a14ccd73caa77e3dbef5ef02f3eaebe8c9a193f5c7f80c0479a7b876d8440?s=96&d=mm&r=g","url":"https:\/\/secure.gravatar.com\/avatar\/951a14ccd73caa77e3dbef5ef02f3eaebe8c9a193f5c7f80c0479a7b876d8440?s=96&d=mm&r=g","contentUrl":"https:\/\/secure.gravatar.com\/avatar\/951a14ccd73caa77e3dbef5ef02f3eaebe8c9a193f5c7f80c0479a7b876d8440?s=96&d=mm&r=g","caption":"fuecapilar"},"url":"https:\/\/fuecapilar.com\/es\/author\/fuecapilar\/"}]}},"_links":{"self":[{"href":"https:\/\/fuecapilar.com\/es\/wp-json\/wp\/v2\/posts\/2545","targetHints":{"allow":["GET"]}}],"collection":[{"href":"https:\/\/fuecapilar.com\/es\/wp-json\/wp\/v2\/posts"}],"about":[{"href":"https:\/\/fuecapilar.com\/es\/wp-json\/wp\/v2\/types\/post"}],"author":[{"embeddable":true,"href":"https:\/\/fuecapilar.com\/es\/wp-json\/wp\/v2\/users\/2"}],"replies":[{"embeddable":true,"href":"https:\/\/fuecapilar.com\/es\/wp-json\/wp\/v2\/comments?post=2545"}],"version-history":[{"count":1,"href":"https:\/\/fuecapilar.com\/es\/wp-json\/wp\/v2\/posts\/2545\/revisions"}],"predecessor-version":[{"id":3149,"href":"https:\/\/fuecapilar.com\/es\/wp-json\/wp\/v2\/posts\/2545\/revisions\/3149"}],"wp:featuredmedia":[{"embeddable":true,"href":"https:\/\/fuecapilar.com\/es\/wp-json\/wp\/v2\/media\/2444"}],"wp:attachment":[{"href":"https:\/\/fuecapilar.com\/es\/wp-json\/wp\/v2\/media?parent=2545"}],"wp:term":[{"taxonomy":"category","embeddable":true,"href":"https:\/\/fuecapilar.com\/es\/wp-json\/wp\/v2\/categories?post=2545"},{"taxonomy":"post_tag","embeddable":true,"href":"https:\/\/fuecapilar.com\/es\/wp-json\/wp\/v2\/tags?post=2545"}],"curies":[{"name":"wp","href":"https:\/\/api.w.org\/{rel}","templated":true}]}}