{"id":2557,"date":"2020-08-20T11:19:44","date_gmt":"2020-08-20T11:19:44","guid":{"rendered":"https:\/\/fuecapilar.com\/?p=4054"},"modified":"2020-08-20T11:19:44","modified_gmt":"2020-08-20T11:19:44","slug":"pros-contras-trasplante-capilar","status":"publish","type":"post","link":"https:\/\/fuecapilar.com\/es\/pros-contras-trasplante-capilar\/","title":{"rendered":"\u00bfCu\u00e1ndo debemos realizar un trasplante capilar? Ventajas e inconvenientes"},"content":{"rendered":"<p>Pierdes cabello, acudes a un especialista e intentas recuperarlo por var\u00edas v\u00edas sin \u00e9xito. Aunque no sea f\u00e1cil, te planteas que la mejor opci\u00f3n es realizar un trasplante capilar entendiendo los riesgos que conlleva. Es evidente que es una t\u00e9cnica cuyos resultados suelen ser bastante buenos, pero puede no ser conveniente para algunos pacientes. Ya te contamos anteriormente <a href=\"https:\/\/fuecapilar.com\/candidatos-injerto-capilar-turquia\/\">en qu\u00e9 casos no es recomendable realizar un injerto capilar<\/a>, pero no los pros y contras de un trasplante capilar.<\/p>\n<p>En Fuecapilar disponemos de varios <a href=\"https:\/\/fuecapilar.com\/paquetes-trasplante-capilar-turquia\/\">tipos de trasplantes capilares y paquetes<\/a> muy completos con muchas facilidades para todos aquellos que necesiten encontrar una soluci\u00f3n a su problema como ya os explicamos en post pasados. Si tienes dudas sobre cu\u00e1l es el m\u00e1s id\u00f3neo para ti, puedes consult\u00e1rnoslo, te haremos un an\u00e1lisis y te aconsejaremos para que elijas la soluci\u00f3n que m\u00e1s se adapta a tus necesidades.<\/p>\n<p>Por otro lado, una vez que sepas que tu tipo de alopecia es \u00f3ptimo para llevar a cabo un trasplante capilar, te lo plantees detenidamente y decidas llevarlo a cabo, debes interiorizar que puede conllevar una serie de ventajas e inconvenientes.<\/p>\n<p>&nbsp;<\/p>\n<h2>Pros de realizarte un trasplante capilar<\/h2>\n<h3>Buen resultado.<img fetchpriority=\"high\" decoding=\"async\" class=\"alignright wp-image-2799 size-medium\" src=\"https:\/\/fuecapilar.com\/wp-content\/uploads\/2019\/05\/DHI-3500-300x300.jpg\" alt=\"\" width=\"300\" height=\"300\" \/><\/h3>\n<p>L\u00f3gicamente, no puedes ver los resultados en 2 d\u00edas. Un porcentaje elevado de los pacientes que se lo han realizado ven resultados realmente buenos a medio plazo. Para que te hagas una idea, puedes ver la <a href=\"https:\/\/fuecapilar.com\/antes-y-despues-del-implante-capilar\/\">evoluci\u00f3n de algunos de nuestros pacientes en fotos<\/a> y algunos <a href=\"https:\/\/fuecapilar.com\/testimonios-injertos-capilares-en-video\/\">testimonios en v\u00eddeos<\/a>. Juzga por ti mismo los resultados.<\/p>\n<h3>Apariencia natural.<\/h3>\n<p>Por supuesto, trabajamos con precisi\u00f3n y sofisticaci\u00f3n durante todo el proceso. Tenemos en cuenta el \u00e1ngulo de implantaci\u00f3n, localizaci\u00f3n y densidad de la zona receptora para que el resultado final sea muy natural y no se note que te has hecho un trasplante capilar.<\/p>\n<h3>No necesita ning\u00fan tratamiento a largo plazo.<\/h3>\n<p><img decoding=\"async\" class=\"size-medium wp-image-1395 alignleft\" src=\"https:\/\/fuecapilar.com\/wp-content\/uploads\/2018\/02\/cuidar-el-cabello-1-300x163.jpg\" alt=\"cuidar el cabello\" width=\"300\" height=\"163\" \/><\/p>\n<p>&nbsp;<\/p>\n<p>Este es uno de los beneficios que m\u00e1s llama la atenci\u00f3n. En algunos casos, es el detonante para llevar a cabo el trasplante capilar. En el futuro, el pelo trasplantado se podr\u00e1 tratar igual que la zona no trasplantada, sin ning\u00fan tipo de problema a la hora de realizar cualquier corte, te\u00f1ido o lavado.<\/p>\n<p>&nbsp;<\/p>\n<p>&nbsp;<\/p>\n<h2>Contras de realizarte un trasplante capilar<\/h2>\n<h3>Procedimiento quir\u00fargico<\/h3>\n<p><img decoding=\"async\" class=\"size-medium wp-image-1602 alignright\" src=\"https:\/\/fuecapilar.com\/wp-content\/uploads\/2018\/06\/Dr-Gur-clinica-2-300x200.jpg\" alt=\"cl\u00ednica doctor Gur\" width=\"300\" height=\"200\" \/>El trasplante capilar conlleva algunos riesgos asociados con una cirug\u00eda, como el uso de la anestesia o el desarrollo de infecciones postquir\u00fargicas.<\/p>\n<h3>Recuperaci\u00f3n<\/h3>\n<p>El trasplante capilar es un procedimiento est\u00e9tico sin necesidad de permanecer ingresado en el hospital. A\u00fan as\u00ed, la recuperaci\u00f3n posterior debe durar entre 10 y 21 d\u00edas. Durante este tiempo se debe tener precauci\u00f3n y tomar algunas medidas establecidas que te son facilitadas al finalizar la intervenci\u00f3n. Con ello, evitar\u00e1s infecciones, sangrado e irritaci\u00f3n de las zonas que se han llevado a cabo la cirug\u00eda. Si se produjese, contacte con el hospital cuanto antes para analizar el caso y que le den las soluciones oportunas.<\/p>\n<p>Ahora que ya conoces los pros y contras de un trasplante capilar, es el momento de dar el paso y elegir el paquete que m\u00e1s se adapte a tus necesidades. No dudes en contactarnos o comentar para cualquier duda o consulta.<\/p>\n<p>&nbsp;<\/p>\n","protected":false},"excerpt":{"rendered":"<p>Pierdes cabello, acudes a un especialista e intentas recuperarlo por var\u00edas v\u00edas sin \u00e9xito. Aunque no sea f\u00e1cil, te planteas que la mejor opci\u00f3n es realizar un trasplante capilar entendiendo los riesgos que conlleva. Es evidente que es una t\u00e9cnica cuyos resultados suelen ser bastante buenos, pero puede no ser conveniente para algunos pacientes. Ya [&hellip;]<\/p>\n","protected":false},"author":2,"featured_media":2558,"comment_status":"open","ping_status":"open","sticky":false,"template":"","format":"standard","meta":{"site-sidebar-layout":"default","site-content-layout":"","ast-site-content-layout":"","site-content-style":"default","site-sidebar-style":"default","ast-global-header-display":"","ast-banner-title-visibility":"","ast-main-header-display":"","ast-hfb-above-header-display":"","ast-hfb-below-header-display":"","ast-hfb-mobile-header-display":"","site-post-title":"","ast-breadcrumbs-content":"","ast-featured-img":"","footer-sml-layout":"","theme-transparent-header-meta":"","adv-header-id-meta":"","stick-header-meta":"","header-above-stick-meta":"","header-main-stick-meta":"","header-below-stick-meta":"","astra-migrate-meta-layouts":"default","ast-page-background-enabled":"default","ast-page-background-meta":{"desktop":{"background-color":"var(--ast-global-color-4)","background-image":"","background-repeat":"repeat","background-position":"center center","background-size":"auto","background-attachment":"scroll","background-type":"","background-media":"","overlay-type":"","overlay-color":"","overlay-opacity":"","overlay-gradient":""},"tablet":{"background-color":"","background-image":"","background-repeat":"repeat","background-position":"center center","background-size":"auto","background-attachment":"scroll","background-type":"","background-media":"","overlay-type":"","overlay-color":"","overlay-opacity":"","overlay-gradient":""},"mobile":{"background-color":"","background-image":"","background-repeat":"repeat","background-position":"center center","background-size":"auto","background-attachment":"scroll","background-type":"","background-media":"","overlay-type":"","overlay-color":"","overlay-opacity":"","overlay-gradient":""}},"ast-content-background-meta":{"desktop":{"background-color":"var(--ast-global-color-5)","background-image":"","background-repeat":"repeat","background-position":"center center","background-size":"auto","background-attachment":"scroll","background-type":"","background-media":"","overlay-type":"","overlay-color":"","overlay-opacity":"","overlay-gradient":""},"tablet":{"background-color":"var(--ast-global-color-5)","background-image":"","background-repeat":"repeat","background-position":"center center","background-size":"auto","background-attachment":"scroll","background-type":"","background-media":"","overlay-type":"","overlay-color":"","overlay-opacity":"","overlay-gradient":""},"mobile":{"background-color":"var(--ast-global-color-5)","background-image":"","background-repeat":"repeat","background-position":"center center","background-size":"auto","background-attachment":"scroll","background-type":"","background-media":"","overlay-type":"","overlay-color":"","overlay-opacity":"","overlay-gradient":""}},"footnotes":""},"categories":[1],"tags":[32,30,31],"class_list":["post-2557","post","type-post","status-publish","format-standard","has-post-thumbnail","hentry","category-capilar","tag-alopecia","tag-caida-cabello","tag-cuidado-cabello"],"yoast_head":"<!-- This site is optimized with the Yoast SEO plugin v27.4 - https:\/\/yoast.com\/product\/yoast-seo-wordpress\/ -->\n<title>Pros y Contras de Un Trasplante Capilar - FueCapilar<\/title>\n<meta name=\"description\" content=\"Decidir llevar a cabo un trasplante capilar no es nada f\u00e1cil pero esto te ayudar\u00e1 \u00bfcu\u00e1les son los pros y contras de un trasplante capilar? ????????\" \/>\n<meta name=\"robots\" content=\"index, follow, max-snippet:-1, max-image-preview:large, max-video-preview:-1\" \/>\n<link rel=\"canonical\" href=\"https:\/\/fuecapilar.com\/es\/pros-contras-trasplante-capilar\/\" \/>\n<meta property=\"og:locale\" content=\"es_ES\" \/>\n<meta property=\"og:type\" content=\"article\" \/>\n<meta property=\"og:title\" content=\"Pros y Contras de Un Trasplante Capilar - FueCapilar\" \/>\n<meta property=\"og:description\" content=\"Decidir llevar a cabo un trasplante capilar no es nada f\u00e1cil pero esto te ayudar\u00e1 \u00bfcu\u00e1les son los pros y contras de un trasplante capilar? ????????\" \/>\n<meta property=\"og:url\" content=\"https:\/\/fuecapilar.com\/es\/pros-contras-trasplante-capilar\/\" \/>\n<meta property=\"og:site_name\" content=\"FUECAPILAR\" \/>\n<meta property=\"article:published_time\" content=\"2020-08-20T11:19:44+00:00\" \/>\n<meta property=\"og:image\" content=\"https:\/\/fuecapilar.com\/wp-content\/uploads\/2018\/06\/Dr-Gur-clinica-2.jpg\" \/>\n\t<meta property=\"og:image:width\" content=\"669\" \/>\n\t<meta property=\"og:image:height\" content=\"447\" \/>\n\t<meta property=\"og:image:type\" content=\"image\/jpeg\" \/>\n<meta name=\"author\" content=\"fuecapilar\" \/>\n<meta name=\"twitter:card\" content=\"summary_large_image\" \/>\n<meta name=\"twitter:label1\" content=\"Escrito por\" \/>\n\t<meta name=\"twitter:data1\" content=\"fuecapilar\" \/>\n\t<meta name=\"twitter:label2\" content=\"Tiempo de lectura\" \/>\n\t<meta name=\"twitter:data2\" content=\"3 minutos\" \/>\n<script type=\"application\/ld+json\" class=\"yoast-schema-graph\">{\"@context\":\"https:\\\/\\\/schema.org\",\"@graph\":[{\"@type\":\"Article\",\"@id\":\"https:\\\/\\\/fuecapilar.com\\\/es\\\/pros-contras-trasplante-capilar\\\/#article\",\"isPartOf\":{\"@id\":\"https:\\\/\\\/fuecapilar.com\\\/es\\\/pros-contras-trasplante-capilar\\\/\"},\"author\":{\"name\":\"fuecapilar\",\"@id\":\"https:\\\/\\\/fuecapilar.com\\\/#\\\/schema\\\/person\\\/76e22a8dbc23e73c56c4e753c31c3b95\"},\"headline\":\"\u00bfCu\u00e1ndo debemos realizar un trasplante capilar? Ventajas e inconvenientes\",\"datePublished\":\"2020-08-20T11:19:44+00:00\",\"mainEntityOfPage\":{\"@id\":\"https:\\\/\\\/fuecapilar.com\\\/es\\\/pros-contras-trasplante-capilar\\\/\"},\"wordCount\":564,\"commentCount\":0,\"publisher\":{\"@id\":\"https:\\\/\\\/fuecapilar.com\\\/#organization\"},\"image\":{\"@id\":\"https:\\\/\\\/fuecapilar.com\\\/es\\\/pros-contras-trasplante-capilar\\\/#primaryimage\"},\"thumbnailUrl\":\"https:\\\/\\\/fuecapilar.com\\\/wp-content\\\/uploads\\\/2018\\\/06\\\/Dr-Gur-clinica-2.jpg\",\"keywords\":[\"alopecia\",\"caida cabello\",\"cuidado cabello\"],\"articleSection\":[\"Capilar\"],\"inLanguage\":\"es\",\"potentialAction\":[{\"@type\":\"CommentAction\",\"name\":\"Comment\",\"target\":[\"https:\\\/\\\/fuecapilar.com\\\/es\\\/pros-contras-trasplante-capilar\\\/#respond\"]}]},{\"@type\":\"WebPage\",\"@id\":\"https:\\\/\\\/fuecapilar.com\\\/es\\\/pros-contras-trasplante-capilar\\\/\",\"url\":\"https:\\\/\\\/fuecapilar.com\\\/es\\\/pros-contras-trasplante-capilar\\\/\",\"name\":\"Pros y Contras de Un Trasplante Capilar - FueCapilar\",\"isPartOf\":{\"@id\":\"https:\\\/\\\/fuecapilar.com\\\/#website\"},\"primaryImageOfPage\":{\"@id\":\"https:\\\/\\\/fuecapilar.com\\\/es\\\/pros-contras-trasplante-capilar\\\/#primaryimage\"},\"image\":{\"@id\":\"https:\\\/\\\/fuecapilar.com\\\/es\\\/pros-contras-trasplante-capilar\\\/#primaryimage\"},\"thumbnailUrl\":\"https:\\\/\\\/fuecapilar.com\\\/wp-content\\\/uploads\\\/2018\\\/06\\\/Dr-Gur-clinica-2.jpg\",\"datePublished\":\"2020-08-20T11:19:44+00:00\",\"description\":\"Decidir llevar a cabo un trasplante capilar no es nada f\u00e1cil pero esto te ayudar\u00e1 \u00bfcu\u00e1les son los pros y contras de un trasplante capilar? ????????\",\"breadcrumb\":{\"@id\":\"https:\\\/\\\/fuecapilar.com\\\/es\\\/pros-contras-trasplante-capilar\\\/#breadcrumb\"},\"inLanguage\":\"es\",\"potentialAction\":[{\"@type\":\"ReadAction\",\"target\":[\"https:\\\/\\\/fuecapilar.com\\\/es\\\/pros-contras-trasplante-capilar\\\/\"]}]},{\"@type\":\"ImageObject\",\"inLanguage\":\"es\",\"@id\":\"https:\\\/\\\/fuecapilar.com\\\/es\\\/pros-contras-trasplante-capilar\\\/#primaryimage\",\"url\":\"https:\\\/\\\/fuecapilar.com\\\/wp-content\\\/uploads\\\/2018\\\/06\\\/Dr-Gur-clinica-2.jpg\",\"contentUrl\":\"https:\\\/\\\/fuecapilar.com\\\/wp-content\\\/uploads\\\/2018\\\/06\\\/Dr-Gur-clinica-2.jpg\",\"width\":669,\"height\":447},{\"@type\":\"BreadcrumbList\",\"@id\":\"https:\\\/\\\/fuecapilar.com\\\/es\\\/pros-contras-trasplante-capilar\\\/#breadcrumb\",\"itemListElement\":[{\"@type\":\"ListItem\",\"position\":1,\"name\":\"Home\",\"item\":\"https:\\\/\\\/fuecapilar.com\\\/es\\\/\"},{\"@type\":\"ListItem\",\"position\":2,\"name\":\"\u00bfCu\u00e1ndo debemos realizar un trasplante capilar? Ventajas e inconvenientes\"}]},{\"@type\":\"WebSite\",\"@id\":\"https:\\\/\\\/fuecapilar.com\\\/#website\",\"url\":\"https:\\\/\\\/fuecapilar.com\\\/\",\"name\":\"FUECAPILAR\",\"description\":\"Surgery performed by a surgeon\",\"publisher\":{\"@id\":\"https:\\\/\\\/fuecapilar.com\\\/#organization\"},\"potentialAction\":[{\"@type\":\"SearchAction\",\"target\":{\"@type\":\"EntryPoint\",\"urlTemplate\":\"https:\\\/\\\/fuecapilar.com\\\/?s={search_term_string}\"},\"query-input\":{\"@type\":\"PropertyValueSpecification\",\"valueRequired\":true,\"valueName\":\"search_term_string\"}}],\"inLanguage\":\"es\"},{\"@type\":\"Organization\",\"@id\":\"https:\\\/\\\/fuecapilar.com\\\/#organization\",\"name\":\"FUECAPILAR\",\"url\":\"https:\\\/\\\/fuecapilar.com\\\/\",\"logo\":{\"@type\":\"ImageObject\",\"inLanguage\":\"es\",\"@id\":\"https:\\\/\\\/fuecapilar.com\\\/#\\\/schema\\\/logo\\\/image\\\/\",\"url\":\"https:\\\/\\\/fuecapilar.com\\\/wp-content\\\/uploads\\\/2023\\\/04\\\/fuecapilar-logo.png\",\"contentUrl\":\"https:\\\/\\\/fuecapilar.com\\\/wp-content\\\/uploads\\\/2023\\\/04\\\/fuecapilar-logo.png\",\"width\":400,\"height\":85,\"caption\":\"FUECAPILAR\"},\"image\":{\"@id\":\"https:\\\/\\\/fuecapilar.com\\\/#\\\/schema\\\/logo\\\/image\\\/\"}},{\"@type\":\"Person\",\"@id\":\"https:\\\/\\\/fuecapilar.com\\\/#\\\/schema\\\/person\\\/76e22a8dbc23e73c56c4e753c31c3b95\",\"name\":\"fuecapilar\",\"image\":{\"@type\":\"ImageObject\",\"inLanguage\":\"es\",\"@id\":\"https:\\\/\\\/secure.gravatar.com\\\/avatar\\\/951a14ccd73caa77e3dbef5ef02f3eaebe8c9a193f5c7f80c0479a7b876d8440?s=96&d=mm&r=g\",\"url\":\"https:\\\/\\\/secure.gravatar.com\\\/avatar\\\/951a14ccd73caa77e3dbef5ef02f3eaebe8c9a193f5c7f80c0479a7b876d8440?s=96&d=mm&r=g\",\"contentUrl\":\"https:\\\/\\\/secure.gravatar.com\\\/avatar\\\/951a14ccd73caa77e3dbef5ef02f3eaebe8c9a193f5c7f80c0479a7b876d8440?s=96&d=mm&r=g\",\"caption\":\"fuecapilar\"},\"url\":\"https:\\\/\\\/fuecapilar.com\\\/es\\\/author\\\/fuecapilar\\\/\"}]}<\/script>\n<!-- \/ Yoast SEO plugin. -->","yoast_head_json":{"title":"Pros y Contras de Un Trasplante Capilar - FueCapilar","description":"Decidir llevar a cabo un trasplante capilar no es nada f\u00e1cil pero esto te ayudar\u00e1 \u00bfcu\u00e1les son los pros y contras de un trasplante capilar? ????????","robots":{"index":"index","follow":"follow","max-snippet":"max-snippet:-1","max-image-preview":"max-image-preview:large","max-video-preview":"max-video-preview:-1"},"canonical":"https:\/\/fuecapilar.com\/es\/pros-contras-trasplante-capilar\/","og_locale":"es_ES","og_type":"article","og_title":"Pros y Contras de Un Trasplante Capilar - FueCapilar","og_description":"Decidir llevar a cabo un trasplante capilar no es nada f\u00e1cil pero esto te ayudar\u00e1 \u00bfcu\u00e1les son los pros y contras de un trasplante capilar? ????????","og_url":"https:\/\/fuecapilar.com\/es\/pros-contras-trasplante-capilar\/","og_site_name":"FUECAPILAR","article_published_time":"2020-08-20T11:19:44+00:00","og_image":[{"width":669,"height":447,"url":"https:\/\/fuecapilar.com\/wp-content\/uploads\/2018\/06\/Dr-Gur-clinica-2.jpg","type":"image\/jpeg"}],"author":"fuecapilar","twitter_card":"summary_large_image","twitter_misc":{"Escrito por":"fuecapilar","Tiempo de lectura":"3 minutos"},"schema":{"@context":"https:\/\/schema.org","@graph":[{"@type":"Article","@id":"https:\/\/fuecapilar.com\/es\/pros-contras-trasplante-capilar\/#article","isPartOf":{"@id":"https:\/\/fuecapilar.com\/es\/pros-contras-trasplante-capilar\/"},"author":{"name":"fuecapilar","@id":"https:\/\/fuecapilar.com\/#\/schema\/person\/76e22a8dbc23e73c56c4e753c31c3b95"},"headline":"\u00bfCu\u00e1ndo debemos realizar un trasplante capilar? Ventajas e inconvenientes","datePublished":"2020-08-20T11:19:44+00:00","mainEntityOfPage":{"@id":"https:\/\/fuecapilar.com\/es\/pros-contras-trasplante-capilar\/"},"wordCount":564,"commentCount":0,"publisher":{"@id":"https:\/\/fuecapilar.com\/#organization"},"image":{"@id":"https:\/\/fuecapilar.com\/es\/pros-contras-trasplante-capilar\/#primaryimage"},"thumbnailUrl":"https:\/\/fuecapilar.com\/wp-content\/uploads\/2018\/06\/Dr-Gur-clinica-2.jpg","keywords":["alopecia","caida cabello","cuidado cabello"],"articleSection":["Capilar"],"inLanguage":"es","potentialAction":[{"@type":"CommentAction","name":"Comment","target":["https:\/\/fuecapilar.com\/es\/pros-contras-trasplante-capilar\/#respond"]}]},{"@type":"WebPage","@id":"https:\/\/fuecapilar.com\/es\/pros-contras-trasplante-capilar\/","url":"https:\/\/fuecapilar.com\/es\/pros-contras-trasplante-capilar\/","name":"Pros y Contras de Un Trasplante Capilar - FueCapilar","isPartOf":{"@id":"https:\/\/fuecapilar.com\/#website"},"primaryImageOfPage":{"@id":"https:\/\/fuecapilar.com\/es\/pros-contras-trasplante-capilar\/#primaryimage"},"image":{"@id":"https:\/\/fuecapilar.com\/es\/pros-contras-trasplante-capilar\/#primaryimage"},"thumbnailUrl":"https:\/\/fuecapilar.com\/wp-content\/uploads\/2018\/06\/Dr-Gur-clinica-2.jpg","datePublished":"2020-08-20T11:19:44+00:00","description":"Decidir llevar a cabo un trasplante capilar no es nada f\u00e1cil pero esto te ayudar\u00e1 \u00bfcu\u00e1les son los pros y contras de un trasplante capilar? ????????","breadcrumb":{"@id":"https:\/\/fuecapilar.com\/es\/pros-contras-trasplante-capilar\/#breadcrumb"},"inLanguage":"es","potentialAction":[{"@type":"ReadAction","target":["https:\/\/fuecapilar.com\/es\/pros-contras-trasplante-capilar\/"]}]},{"@type":"ImageObject","inLanguage":"es","@id":"https:\/\/fuecapilar.com\/es\/pros-contras-trasplante-capilar\/#primaryimage","url":"https:\/\/fuecapilar.com\/wp-content\/uploads\/2018\/06\/Dr-Gur-clinica-2.jpg","contentUrl":"https:\/\/fuecapilar.com\/wp-content\/uploads\/2018\/06\/Dr-Gur-clinica-2.jpg","width":669,"height":447},{"@type":"BreadcrumbList","@id":"https:\/\/fuecapilar.com\/es\/pros-contras-trasplante-capilar\/#breadcrumb","itemListElement":[{"@type":"ListItem","position":1,"name":"Home","item":"https:\/\/fuecapilar.com\/es\/"},{"@type":"ListItem","position":2,"name":"\u00bfCu\u00e1ndo debemos realizar un trasplante capilar? Ventajas e inconvenientes"}]},{"@type":"WebSite","@id":"https:\/\/fuecapilar.com\/#website","url":"https:\/\/fuecapilar.com\/","name":"FUECAPILAR","description":"Surgery performed by a surgeon","publisher":{"@id":"https:\/\/fuecapilar.com\/#organization"},"potentialAction":[{"@type":"SearchAction","target":{"@type":"EntryPoint","urlTemplate":"https:\/\/fuecapilar.com\/?s={search_term_string}"},"query-input":{"@type":"PropertyValueSpecification","valueRequired":true,"valueName":"search_term_string"}}],"inLanguage":"es"},{"@type":"Organization","@id":"https:\/\/fuecapilar.com\/#organization","name":"FUECAPILAR","url":"https:\/\/fuecapilar.com\/","logo":{"@type":"ImageObject","inLanguage":"es","@id":"https:\/\/fuecapilar.com\/#\/schema\/logo\/image\/","url":"https:\/\/fuecapilar.com\/wp-content\/uploads\/2023\/04\/fuecapilar-logo.png","contentUrl":"https:\/\/fuecapilar.com\/wp-content\/uploads\/2023\/04\/fuecapilar-logo.png","width":400,"height":85,"caption":"FUECAPILAR"},"image":{"@id":"https:\/\/fuecapilar.com\/#\/schema\/logo\/image\/"}},{"@type":"Person","@id":"https:\/\/fuecapilar.com\/#\/schema\/person\/76e22a8dbc23e73c56c4e753c31c3b95","name":"fuecapilar","image":{"@type":"ImageObject","inLanguage":"es","@id":"https:\/\/secure.gravatar.com\/avatar\/951a14ccd73caa77e3dbef5ef02f3eaebe8c9a193f5c7f80c0479a7b876d8440?s=96&d=mm&r=g","url":"https:\/\/secure.gravatar.com\/avatar\/951a14ccd73caa77e3dbef5ef02f3eaebe8c9a193f5c7f80c0479a7b876d8440?s=96&d=mm&r=g","contentUrl":"https:\/\/secure.gravatar.com\/avatar\/951a14ccd73caa77e3dbef5ef02f3eaebe8c9a193f5c7f80c0479a7b876d8440?s=96&d=mm&r=g","caption":"fuecapilar"},"url":"https:\/\/fuecapilar.com\/es\/author\/fuecapilar\/"}]}},"_links":{"self":[{"href":"https:\/\/fuecapilar.com\/es\/wp-json\/wp\/v2\/posts\/2557","targetHints":{"allow":["GET"]}}],"collection":[{"href":"https:\/\/fuecapilar.com\/es\/wp-json\/wp\/v2\/posts"}],"about":[{"href":"https:\/\/fuecapilar.com\/es\/wp-json\/wp\/v2\/types\/post"}],"author":[{"embeddable":true,"href":"https:\/\/fuecapilar.com\/es\/wp-json\/wp\/v2\/users\/2"}],"replies":[{"embeddable":true,"href":"https:\/\/fuecapilar.com\/es\/wp-json\/wp\/v2\/comments?post=2557"}],"version-history":[{"count":0,"href":"https:\/\/fuecapilar.com\/es\/wp-json\/wp\/v2\/posts\/2557\/revisions"}],"wp:featuredmedia":[{"embeddable":true,"href":"https:\/\/fuecapilar.com\/es\/wp-json\/wp\/v2\/media\/2558"}],"wp:attachment":[{"href":"https:\/\/fuecapilar.com\/es\/wp-json\/wp\/v2\/media?parent=2557"}],"wp:term":[{"taxonomy":"category","embeddable":true,"href":"https:\/\/fuecapilar.com\/es\/wp-json\/wp\/v2\/categories?post=2557"},{"taxonomy":"post_tag","embeddable":true,"href":"https:\/\/fuecapilar.com\/es\/wp-json\/wp\/v2\/tags?post=2557"}],"curies":[{"name":"wp","href":"https:\/\/api.w.org\/{rel}","templated":true}]}}