{"id":2738,"date":"2018-09-21T11:17:34","date_gmt":"2018-09-21T11:17:34","guid":{"rendered":"https:\/\/fuecapilar.com\/?p=1900"},"modified":"2023-09-12T15:29:28","modified_gmt":"2023-09-12T15:29:28","slug":"injertos-capilares-mejorar-la-autoestima","status":"publish","type":"post","link":"https:\/\/fuecapilar.com\/es\/injertos-capilares-mejorar-la-autoestima\/","title":{"rendered":"Injertos capilares para mejorar la autoestima"},"content":{"rendered":"<p>Mucho se habla de las mujeres en cuanto a la importancia del aspecto pero a los hombres tambi\u00e9n les afecta su imagen, sobre todo en los tiempos que corren en los que la apariencia pr\u00e1cticamente lo es todo. Por ello, en este art\u00edculo nos centraremos en la importancia de los <strong><a href=\"https:\/\/fuecapilar.com\/injerto-capilar-en-turquia\/\" target=\"_blank\" rel=\"noopener\">injertos capilares<\/a> para mejorar la autoestima <\/strong>en los hombres.<\/p>\n<h2>Injertos capilares para mejorar la autoestima<\/h2>\n<p>La ca\u00edda del cabello puede suponer un duro varapalo para muchos de hombres. Esto se debe a factores como la <strong>edad temprana a la que el cabello comienza a caerse. <\/strong><\/p>\n<p>En la mayor\u00eda de los casos, la alopecia comienza a manifestarse <strong>antes de los treinta a\u00f1os<\/strong> y esto cambia por completo la imagen que muchos hombres tienen de s\u00ed mismos. Somos j\u00f3venes, somos atractivos y la falta de pelo acaba con todo ello.<\/p>\n<p>Una vez que el pelo comienza a escasear, nuestro aspecto pasa a parecer m\u00e1s maduro e incluso a veces parece que nos cambia el gesto. Parece <strong>incre\u00edble lo much\u00edsimo que influye el peinado en nuestra imagen, pero as\u00ed es. <\/strong><\/p>\n<p>Por este motivo, la autoestima se ve da\u00f1ada. Hay hombres a los que incluso les cambia su forma de ser, pasando de ser extrovertidos y simp\u00e1ticos a ser muy t\u00edmidos y evitar los encuentros sociales. Si no nos sentimos bien con nosotros mismos, estas actitudes pueden manifestarse f\u00e1cilmente.<\/p>\n<h3>Causas de la alopecia<\/h3>\n<p>Realmente, existen muchas razones por las que <a href=\"https:\/\/fuecapilar.com\/tipos-alopecia-descripcion-caracteristicas-principales\/\">el pelo puede caerse<\/a>. Desde el factor gen\u00e9tico del que no hay quien se escape hasta el <strong>estr\u00e9s <\/strong>que podemos sufrir en much\u00edsimas etapas de la vida. Otras causas pueden ser el <strong>envejecimiento del pelo <\/strong>o padecimiento de enfermedades cr\u00f3nicas como el <strong>hipotiroidismo. <\/strong><\/p>\n<p>En cualquier caso, pocos son los remedios que verdaderamente consiguen salvar tu pelo. Por ello, vamos a hablarte de<strong> la mejor soluci\u00f3n a largo plazo.<\/strong><\/p>\n\n<div class=\"wpcf7 no-js\" id=\"wpcf7-f3128-o1\" lang=\"es-ES\" dir=\"ltr\" data-wpcf7-id=\"3128\">\n<div class=\"screen-reader-response\"><p role=\"status\" aria-live=\"polite\" aria-atomic=\"true\"><\/p> <ul><\/ul><\/div>\n<form action=\"\/es\/wp-json\/wp\/v2\/posts\/2738#wpcf7-f3128-o1\" method=\"post\" class=\"wpcf7-form init\" aria-label=\"Formulario de contacto\" novalidate=\"novalidate\" data-status=\"init\">\n<fieldset class=\"hidden-fields-container\"><input type=\"hidden\" name=\"_wpcf7\" value=\"3128\" \/><input type=\"hidden\" name=\"_wpcf7_version\" value=\"6.1.5\" \/><input type=\"hidden\" name=\"_wpcf7_locale\" value=\"es_ES\" \/><input type=\"hidden\" name=\"_wpcf7_unit_tag\" value=\"wpcf7-f3128-o1\" \/><input type=\"hidden\" name=\"_wpcf7_container_post\" value=\"0\" \/><input type=\"hidden\" name=\"_wpcf7_posted_data_hash\" value=\"\" \/>\n<\/fieldset>\n<div class=\"form-post\">\n\t<div class=\"form-post-titulo\">\n\t\t<p>Quiero recibir m\u00e1s informaci\u00f3n\n\t\t<\/p>\n\t<\/div>\n\t<div class=\"form-post-campos\">\n\t\t<div class=\"form-post-campo\">\n\t\t\t<p><span class=\"wpcf7-form-control-wrap\" data-name=\"your-name\"><input size=\"40\" maxlength=\"400\" class=\"wpcf7-form-control wpcf7-text wpcf7-validates-as-required\" aria-required=\"true\" aria-invalid=\"false\" placeholder=\"Nombree\" value=\"\" type=\"text\" name=\"your-name\" \/><\/span>\n\t\t\t<\/p>\n\t\t<\/div>\n\t\t<div class=\"form-post-campo\">\n\t\t\t<p><span class=\"wpcf7-form-control-wrap\" data-name=\"your-email\"><input size=\"40\" maxlength=\"400\" class=\"wpcf7-form-control wpcf7-email wpcf7-validates-as-required wpcf7-text wpcf7-validates-as-email\" aria-required=\"true\" aria-invalid=\"false\" placeholder=\"E-mail\" value=\"\" type=\"email\" name=\"your-email\" \/><\/span>\n\t\t\t<\/p>\n\t\t<\/div>\n\t\t<div class=\"form-post-campo\">\n\t\t\t<p><span class=\"wpcf7-form-control-wrap\" data-name=\"telefono\"><input size=\"40\" maxlength=\"400\" class=\"wpcf7-form-control wpcf7-tel wpcf7-validates-as-required wpcf7-text wpcf7-validates-as-tel\" aria-required=\"true\" aria-invalid=\"false\" placeholder=\"Tel\u00e9fono\" value=\"\" type=\"tel\" name=\"telefono\" \/><\/span>\n\t\t\t<\/p>\n\t\t<\/div>\n\t\t<div class=\"form-post-boton\">\n\t\t\t<p><input class=\"wpcf7-form-control wpcf7-submit has-spinner\" type=\"submit\" value=\"Enviar\" \/>\n\t\t\t<\/p>\n\t\t<\/div>\n\t<\/div>\n\t<div class=\"clear\">\n\t<\/div>\n\t<div class=\"form-post-politica\">\n\t\t<div>\n\t\t\t<p><span class=\"wpcf7-form-control-wrap\" data-name=\"acceptance-498\"><span class=\"wpcf7-form-control wpcf7-acceptance\"><span class=\"wpcf7-list-item\"><input type=\"checkbox\" name=\"acceptance-498\" value=\"1\" aria-invalid=\"false\" \/><\/span><\/span><\/span>\n\t\t\t<\/p>\n\t\t<\/div>\n\t\t<div>\n\t\t\t<p>He le\u00eddo la <a href=\"https:\/\/www.fuecapilar.com\/privacy-policy\/\">pol\u00edtica de privacidad<\/a>\n\t\t\t<\/p>\n\t\t<\/div>\n\t<\/div>\n<\/div><div class=\"wpcf7-response-output\" aria-hidden=\"true\"><\/div>\n<\/form>\n<\/div>\n\n<h2>Microinjerto capilar: la soluci\u00f3n definitiva<\/h2>\n<p>El <strong>microinjerto capilar <\/strong>se lleva a cabo con nuestro propio pelo. Suele cogerse de la parte de la nuca y de detr\u00e1s de las orejas ya que en estas zonas todos los hombres estamos preparados gen\u00e9ticamente para mantener el pelo durante toda nuestra vida.<\/p>\n<p>Por tanto, estas son las <strong>zonas donantes m\u00e1s adecuadas<\/strong> debido a que el pelo que se injerte en las zonas menos pobladas se regenerar\u00e1. Esto consigue un efecto muy natural y la intervenci\u00f3n, adem\u00e1s de f\u00e1cil, es muy r\u00e1pida.<\/p>\n<p>Solo ser\u00e1 necesario que se nos aplique <strong>anestesia local <\/strong>para injertar el cabello en la zona indicada. Sin m\u00e1s, <strong>ni hospitalizaci\u00f3n ni nada. <\/strong><\/p>\n<h3>Precio injerto capilar en Turqu\u00eda<\/h3>\n<p>Debido a la demanda de esto, los precios en Espa\u00f1a se han disparado y pocas son las personas que pueden permit\u00edrselo. Por ello, muchos hombres est\u00e1n recurriendo a hac\u00e9rselo en Turqu\u00eda.<\/p>\n<p>El <strong>precio del injerto capilar el Turqu\u00eda <\/strong>es de alrededor de 1790 euros. Un precio irrisorio en comparaci\u00f3n con los que ofrecen las cl\u00ednicas de aqu\u00ed. Adem\u00e1s, puedes contactar con cl\u00ednicas espa\u00f1olas que se encargan de todo. Nos preparan todo el viaje, la estancia en hoteles de 4 y 5 estrellas e, incluso, incluyen un traductor para que no haya problemas.<\/p>\n<p>As\u00ed pues, los <strong>injertos capilares para mejorar la autoestima<\/strong> son la mejor soluci\u00f3n.<\/p>\n","protected":false},"excerpt":{"rendered":"<p>Mucho se habla de las mujeres en cuanto a la importancia del aspecto pero a los hombres tambi\u00e9n les afecta su imagen, sobre todo en los tiempos que corren en los que la apariencia pr\u00e1cticamente lo es todo. Por ello, en este art\u00edculo nos centraremos en la importancia de los injertos capilares para mejorar la [&hellip;]<\/p>\n","protected":false},"author":2,"featured_media":2739,"comment_status":"open","ping_status":"open","sticky":false,"template":"","format":"standard","meta":{"site-sidebar-layout":"default","site-content-layout":"default","ast-site-content-layout":"","site-content-style":"default","site-sidebar-style":"default","ast-global-header-display":"","ast-banner-title-visibility":"","ast-main-header-display":"","ast-hfb-above-header-display":"","ast-hfb-below-header-display":"","ast-hfb-mobile-header-display":"","site-post-title":"","ast-breadcrumbs-content":"","ast-featured-img":"","footer-sml-layout":"","theme-transparent-header-meta":"default","adv-header-id-meta":"","stick-header-meta":"","header-above-stick-meta":"","header-main-stick-meta":"","header-below-stick-meta":"","astra-migrate-meta-layouts":"default","ast-page-background-enabled":"default","ast-page-background-meta":{"desktop":{"background-color":"var(--ast-global-color-4)","background-image":"","background-repeat":"repeat","background-position":"center center","background-size":"auto","background-attachment":"scroll","background-type":"","background-media":"","overlay-type":"","overlay-color":"","overlay-opacity":"","overlay-gradient":""},"tablet":{"background-color":"","background-image":"","background-repeat":"repeat","background-position":"center center","background-size":"auto","background-attachment":"scroll","background-type":"","background-media":"","overlay-type":"","overlay-color":"","overlay-opacity":"","overlay-gradient":""},"mobile":{"background-color":"","background-image":"","background-repeat":"repeat","background-position":"center center","background-size":"auto","background-attachment":"scroll","background-type":"","background-media":"","overlay-type":"","overlay-color":"","overlay-opacity":"","overlay-gradient":""}},"ast-content-background-meta":{"desktop":{"background-color":"var(--ast-global-color-5)","background-image":"","background-repeat":"repeat","background-position":"center center","background-size":"auto","background-attachment":"scroll","background-type":"","background-media":"","overlay-type":"","overlay-color":"","overlay-opacity":"","overlay-gradient":""},"tablet":{"background-color":"var(--ast-global-color-5)","background-image":"","background-repeat":"repeat","background-position":"center center","background-size":"auto","background-attachment":"scroll","background-type":"","background-media":"","overlay-type":"","overlay-color":"","overlay-opacity":"","overlay-gradient":""},"mobile":{"background-color":"var(--ast-global-color-5)","background-image":"","background-repeat":"repeat","background-position":"center center","background-size":"auto","background-attachment":"scroll","background-type":"","background-media":"","overlay-type":"","overlay-color":"","overlay-opacity":"","overlay-gradient":""}},"footnotes":""},"categories":[],"tags":[90,41,91],"class_list":["post-2738","post","type-post","status-publish","format-standard","has-post-thumbnail","hentry","tag-implantes-capilares","tag-injertos-capilares","tag-mejorar-autoestima"],"yoast_head":"<!-- This site is optimized with the Yoast SEO plugin v27.4 - https:\/\/yoast.com\/product\/yoast-seo-wordpress\/ -->\n<title>Injertos capilares para mejorar la autoestima - FUECAPILAR<\/title>\n<meta name=\"description\" content=\"Los injertos capilares ayudan a mejorar la autoestima tanto en mujeres como en hombre, ya que afecta a la imagen y la importancia que le damos\" \/>\n<meta name=\"robots\" content=\"index, follow, max-snippet:-1, max-image-preview:large, max-video-preview:-1\" \/>\n<link rel=\"canonical\" href=\"https:\/\/fuecapilar.com\/es\/injertos-capilares-mejorar-la-autoestima\/\" \/>\n<meta property=\"og:locale\" content=\"es_ES\" \/>\n<meta property=\"og:type\" content=\"article\" \/>\n<meta property=\"og:title\" content=\"Injertos capilares para mejorar la autoestima - FUECAPILAR\" \/>\n<meta property=\"og:description\" content=\"Los injertos capilares ayudan a mejorar la autoestima tanto en mujeres como en hombre, ya que afecta a la imagen y la importancia que le damos\" \/>\n<meta property=\"og:url\" content=\"https:\/\/fuecapilar.com\/es\/injertos-capilares-mejorar-la-autoestima\/\" \/>\n<meta property=\"og:site_name\" content=\"FUECAPILAR\" \/>\n<meta property=\"article:published_time\" content=\"2018-09-21T11:17:34+00:00\" \/>\n<meta property=\"article:modified_time\" content=\"2023-09-12T15:29:28+00:00\" \/>\n<meta property=\"og:image\" content=\"https:\/\/fuecapilar.com\/wp-content\/uploads\/2018\/09\/mejorar-la-autoestima.jpg\" \/>\n\t<meta property=\"og:image:width\" content=\"903\" \/>\n\t<meta property=\"og:image:height\" content=\"441\" \/>\n\t<meta property=\"og:image:type\" content=\"image\/jpeg\" \/>\n<meta name=\"author\" content=\"fuecapilar\" \/>\n<meta name=\"twitter:card\" content=\"summary_large_image\" \/>\n<meta name=\"twitter:label1\" content=\"Escrito por\" \/>\n\t<meta name=\"twitter:data1\" content=\"fuecapilar\" \/>\n\t<meta name=\"twitter:label2\" content=\"Tiempo de lectura\" \/>\n\t<meta name=\"twitter:data2\" content=\"3 minutos\" \/>\n<script type=\"application\/ld+json\" class=\"yoast-schema-graph\">{\"@context\":\"https:\\\/\\\/schema.org\",\"@graph\":[{\"@type\":\"Article\",\"@id\":\"https:\\\/\\\/fuecapilar.com\\\/es\\\/injertos-capilares-mejorar-la-autoestima\\\/#article\",\"isPartOf\":{\"@id\":\"https:\\\/\\\/fuecapilar.com\\\/es\\\/injertos-capilares-mejorar-la-autoestima\\\/\"},\"author\":{\"name\":\"fuecapilar\",\"@id\":\"https:\\\/\\\/fuecapilar.com\\\/#\\\/schema\\\/person\\\/76e22a8dbc23e73c56c4e753c31c3b95\"},\"headline\":\"Injertos capilares para mejorar la autoestima\",\"datePublished\":\"2018-09-21T11:17:34+00:00\",\"dateModified\":\"2023-09-12T15:29:28+00:00\",\"mainEntityOfPage\":{\"@id\":\"https:\\\/\\\/fuecapilar.com\\\/es\\\/injertos-capilares-mejorar-la-autoestima\\\/\"},\"wordCount\":575,\"commentCount\":0,\"publisher\":{\"@id\":\"https:\\\/\\\/fuecapilar.com\\\/#organization\"},\"image\":{\"@id\":\"https:\\\/\\\/fuecapilar.com\\\/es\\\/injertos-capilares-mejorar-la-autoestima\\\/#primaryimage\"},\"thumbnailUrl\":\"https:\\\/\\\/fuecapilar.com\\\/wp-content\\\/uploads\\\/2018\\\/09\\\/mejorar-la-autoestima.jpg\",\"keywords\":[\"implantes capilares\",\"injertos capilares\",\"mejorar autoestima\"],\"inLanguage\":\"es\",\"potentialAction\":[{\"@type\":\"CommentAction\",\"name\":\"Comment\",\"target\":[\"https:\\\/\\\/fuecapilar.com\\\/es\\\/injertos-capilares-mejorar-la-autoestima\\\/#respond\"]}]},{\"@type\":\"WebPage\",\"@id\":\"https:\\\/\\\/fuecapilar.com\\\/es\\\/injertos-capilares-mejorar-la-autoestima\\\/\",\"url\":\"https:\\\/\\\/fuecapilar.com\\\/es\\\/injertos-capilares-mejorar-la-autoestima\\\/\",\"name\":\"Injertos capilares para mejorar la autoestima - FUECAPILAR\",\"isPartOf\":{\"@id\":\"https:\\\/\\\/fuecapilar.com\\\/#website\"},\"primaryImageOfPage\":{\"@id\":\"https:\\\/\\\/fuecapilar.com\\\/es\\\/injertos-capilares-mejorar-la-autoestima\\\/#primaryimage\"},\"image\":{\"@id\":\"https:\\\/\\\/fuecapilar.com\\\/es\\\/injertos-capilares-mejorar-la-autoestima\\\/#primaryimage\"},\"thumbnailUrl\":\"https:\\\/\\\/fuecapilar.com\\\/wp-content\\\/uploads\\\/2018\\\/09\\\/mejorar-la-autoestima.jpg\",\"datePublished\":\"2018-09-21T11:17:34+00:00\",\"dateModified\":\"2023-09-12T15:29:28+00:00\",\"description\":\"Los injertos capilares ayudan a mejorar la autoestima tanto en mujeres como en hombre, ya que afecta a la imagen y la importancia que le damos\",\"breadcrumb\":{\"@id\":\"https:\\\/\\\/fuecapilar.com\\\/es\\\/injertos-capilares-mejorar-la-autoestima\\\/#breadcrumb\"},\"inLanguage\":\"es\",\"potentialAction\":[{\"@type\":\"ReadAction\",\"target\":[\"https:\\\/\\\/fuecapilar.com\\\/es\\\/injertos-capilares-mejorar-la-autoestima\\\/\"]}]},{\"@type\":\"ImageObject\",\"inLanguage\":\"es\",\"@id\":\"https:\\\/\\\/fuecapilar.com\\\/es\\\/injertos-capilares-mejorar-la-autoestima\\\/#primaryimage\",\"url\":\"https:\\\/\\\/fuecapilar.com\\\/wp-content\\\/uploads\\\/2018\\\/09\\\/mejorar-la-autoestima.jpg\",\"contentUrl\":\"https:\\\/\\\/fuecapilar.com\\\/wp-content\\\/uploads\\\/2018\\\/09\\\/mejorar-la-autoestima.jpg\",\"width\":903,\"height\":441},{\"@type\":\"BreadcrumbList\",\"@id\":\"https:\\\/\\\/fuecapilar.com\\\/es\\\/injertos-capilares-mejorar-la-autoestima\\\/#breadcrumb\",\"itemListElement\":[{\"@type\":\"ListItem\",\"position\":1,\"name\":\"Home\",\"item\":\"https:\\\/\\\/fuecapilar.com\\\/es\\\/\"},{\"@type\":\"ListItem\",\"position\":2,\"name\":\"Injertos capilares para mejorar la autoestima\"}]},{\"@type\":\"WebSite\",\"@id\":\"https:\\\/\\\/fuecapilar.com\\\/#website\",\"url\":\"https:\\\/\\\/fuecapilar.com\\\/\",\"name\":\"FUECAPILAR\",\"description\":\"Surgery performed by a surgeon\",\"publisher\":{\"@id\":\"https:\\\/\\\/fuecapilar.com\\\/#organization\"},\"potentialAction\":[{\"@type\":\"SearchAction\",\"target\":{\"@type\":\"EntryPoint\",\"urlTemplate\":\"https:\\\/\\\/fuecapilar.com\\\/?s={search_term_string}\"},\"query-input\":{\"@type\":\"PropertyValueSpecification\",\"valueRequired\":true,\"valueName\":\"search_term_string\"}}],\"inLanguage\":\"es\"},{\"@type\":\"Organization\",\"@id\":\"https:\\\/\\\/fuecapilar.com\\\/#organization\",\"name\":\"FUECAPILAR\",\"url\":\"https:\\\/\\\/fuecapilar.com\\\/\",\"logo\":{\"@type\":\"ImageObject\",\"inLanguage\":\"es\",\"@id\":\"https:\\\/\\\/fuecapilar.com\\\/#\\\/schema\\\/logo\\\/image\\\/\",\"url\":\"https:\\\/\\\/fuecapilar.com\\\/wp-content\\\/uploads\\\/2023\\\/04\\\/fuecapilar-logo.png\",\"contentUrl\":\"https:\\\/\\\/fuecapilar.com\\\/wp-content\\\/uploads\\\/2023\\\/04\\\/fuecapilar-logo.png\",\"width\":400,\"height\":85,\"caption\":\"FUECAPILAR\"},\"image\":{\"@id\":\"https:\\\/\\\/fuecapilar.com\\\/#\\\/schema\\\/logo\\\/image\\\/\"}},{\"@type\":\"Person\",\"@id\":\"https:\\\/\\\/fuecapilar.com\\\/#\\\/schema\\\/person\\\/76e22a8dbc23e73c56c4e753c31c3b95\",\"name\":\"fuecapilar\",\"image\":{\"@type\":\"ImageObject\",\"inLanguage\":\"es\",\"@id\":\"https:\\\/\\\/secure.gravatar.com\\\/avatar\\\/951a14ccd73caa77e3dbef5ef02f3eaebe8c9a193f5c7f80c0479a7b876d8440?s=96&d=mm&r=g\",\"url\":\"https:\\\/\\\/secure.gravatar.com\\\/avatar\\\/951a14ccd73caa77e3dbef5ef02f3eaebe8c9a193f5c7f80c0479a7b876d8440?s=96&d=mm&r=g\",\"contentUrl\":\"https:\\\/\\\/secure.gravatar.com\\\/avatar\\\/951a14ccd73caa77e3dbef5ef02f3eaebe8c9a193f5c7f80c0479a7b876d8440?s=96&d=mm&r=g\",\"caption\":\"fuecapilar\"},\"url\":\"https:\\\/\\\/fuecapilar.com\\\/es\\\/author\\\/fuecapilar\\\/\"}]}<\/script>\n<!-- \/ Yoast SEO plugin. -->","yoast_head_json":{"title":"Injertos capilares para mejorar la autoestima - FUECAPILAR","description":"Los injertos capilares ayudan a mejorar la autoestima tanto en mujeres como en hombre, ya que afecta a la imagen y la importancia que le damos","robots":{"index":"index","follow":"follow","max-snippet":"max-snippet:-1","max-image-preview":"max-image-preview:large","max-video-preview":"max-video-preview:-1"},"canonical":"https:\/\/fuecapilar.com\/es\/injertos-capilares-mejorar-la-autoestima\/","og_locale":"es_ES","og_type":"article","og_title":"Injertos capilares para mejorar la autoestima - FUECAPILAR","og_description":"Los injertos capilares ayudan a mejorar la autoestima tanto en mujeres como en hombre, ya que afecta a la imagen y la importancia que le damos","og_url":"https:\/\/fuecapilar.com\/es\/injertos-capilares-mejorar-la-autoestima\/","og_site_name":"FUECAPILAR","article_published_time":"2018-09-21T11:17:34+00:00","article_modified_time":"2023-09-12T15:29:28+00:00","og_image":[{"width":903,"height":441,"url":"https:\/\/fuecapilar.com\/wp-content\/uploads\/2018\/09\/mejorar-la-autoestima.jpg","type":"image\/jpeg"}],"author":"fuecapilar","twitter_card":"summary_large_image","twitter_misc":{"Escrito por":"fuecapilar","Tiempo de lectura":"3 minutos"},"schema":{"@context":"https:\/\/schema.org","@graph":[{"@type":"Article","@id":"https:\/\/fuecapilar.com\/es\/injertos-capilares-mejorar-la-autoestima\/#article","isPartOf":{"@id":"https:\/\/fuecapilar.com\/es\/injertos-capilares-mejorar-la-autoestima\/"},"author":{"name":"fuecapilar","@id":"https:\/\/fuecapilar.com\/#\/schema\/person\/76e22a8dbc23e73c56c4e753c31c3b95"},"headline":"Injertos capilares para mejorar la autoestima","datePublished":"2018-09-21T11:17:34+00:00","dateModified":"2023-09-12T15:29:28+00:00","mainEntityOfPage":{"@id":"https:\/\/fuecapilar.com\/es\/injertos-capilares-mejorar-la-autoestima\/"},"wordCount":575,"commentCount":0,"publisher":{"@id":"https:\/\/fuecapilar.com\/#organization"},"image":{"@id":"https:\/\/fuecapilar.com\/es\/injertos-capilares-mejorar-la-autoestima\/#primaryimage"},"thumbnailUrl":"https:\/\/fuecapilar.com\/wp-content\/uploads\/2018\/09\/mejorar-la-autoestima.jpg","keywords":["implantes capilares","injertos capilares","mejorar autoestima"],"inLanguage":"es","potentialAction":[{"@type":"CommentAction","name":"Comment","target":["https:\/\/fuecapilar.com\/es\/injertos-capilares-mejorar-la-autoestima\/#respond"]}]},{"@type":"WebPage","@id":"https:\/\/fuecapilar.com\/es\/injertos-capilares-mejorar-la-autoestima\/","url":"https:\/\/fuecapilar.com\/es\/injertos-capilares-mejorar-la-autoestima\/","name":"Injertos capilares para mejorar la autoestima - FUECAPILAR","isPartOf":{"@id":"https:\/\/fuecapilar.com\/#website"},"primaryImageOfPage":{"@id":"https:\/\/fuecapilar.com\/es\/injertos-capilares-mejorar-la-autoestima\/#primaryimage"},"image":{"@id":"https:\/\/fuecapilar.com\/es\/injertos-capilares-mejorar-la-autoestima\/#primaryimage"},"thumbnailUrl":"https:\/\/fuecapilar.com\/wp-content\/uploads\/2018\/09\/mejorar-la-autoestima.jpg","datePublished":"2018-09-21T11:17:34+00:00","dateModified":"2023-09-12T15:29:28+00:00","description":"Los injertos capilares ayudan a mejorar la autoestima tanto en mujeres como en hombre, ya que afecta a la imagen y la importancia que le damos","breadcrumb":{"@id":"https:\/\/fuecapilar.com\/es\/injertos-capilares-mejorar-la-autoestima\/#breadcrumb"},"inLanguage":"es","potentialAction":[{"@type":"ReadAction","target":["https:\/\/fuecapilar.com\/es\/injertos-capilares-mejorar-la-autoestima\/"]}]},{"@type":"ImageObject","inLanguage":"es","@id":"https:\/\/fuecapilar.com\/es\/injertos-capilares-mejorar-la-autoestima\/#primaryimage","url":"https:\/\/fuecapilar.com\/wp-content\/uploads\/2018\/09\/mejorar-la-autoestima.jpg","contentUrl":"https:\/\/fuecapilar.com\/wp-content\/uploads\/2018\/09\/mejorar-la-autoestima.jpg","width":903,"height":441},{"@type":"BreadcrumbList","@id":"https:\/\/fuecapilar.com\/es\/injertos-capilares-mejorar-la-autoestima\/#breadcrumb","itemListElement":[{"@type":"ListItem","position":1,"name":"Home","item":"https:\/\/fuecapilar.com\/es\/"},{"@type":"ListItem","position":2,"name":"Injertos capilares para mejorar la autoestima"}]},{"@type":"WebSite","@id":"https:\/\/fuecapilar.com\/#website","url":"https:\/\/fuecapilar.com\/","name":"FUECAPILAR","description":"Surgery performed by a surgeon","publisher":{"@id":"https:\/\/fuecapilar.com\/#organization"},"potentialAction":[{"@type":"SearchAction","target":{"@type":"EntryPoint","urlTemplate":"https:\/\/fuecapilar.com\/?s={search_term_string}"},"query-input":{"@type":"PropertyValueSpecification","valueRequired":true,"valueName":"search_term_string"}}],"inLanguage":"es"},{"@type":"Organization","@id":"https:\/\/fuecapilar.com\/#organization","name":"FUECAPILAR","url":"https:\/\/fuecapilar.com\/","logo":{"@type":"ImageObject","inLanguage":"es","@id":"https:\/\/fuecapilar.com\/#\/schema\/logo\/image\/","url":"https:\/\/fuecapilar.com\/wp-content\/uploads\/2023\/04\/fuecapilar-logo.png","contentUrl":"https:\/\/fuecapilar.com\/wp-content\/uploads\/2023\/04\/fuecapilar-logo.png","width":400,"height":85,"caption":"FUECAPILAR"},"image":{"@id":"https:\/\/fuecapilar.com\/#\/schema\/logo\/image\/"}},{"@type":"Person","@id":"https:\/\/fuecapilar.com\/#\/schema\/person\/76e22a8dbc23e73c56c4e753c31c3b95","name":"fuecapilar","image":{"@type":"ImageObject","inLanguage":"es","@id":"https:\/\/secure.gravatar.com\/avatar\/951a14ccd73caa77e3dbef5ef02f3eaebe8c9a193f5c7f80c0479a7b876d8440?s=96&d=mm&r=g","url":"https:\/\/secure.gravatar.com\/avatar\/951a14ccd73caa77e3dbef5ef02f3eaebe8c9a193f5c7f80c0479a7b876d8440?s=96&d=mm&r=g","contentUrl":"https:\/\/secure.gravatar.com\/avatar\/951a14ccd73caa77e3dbef5ef02f3eaebe8c9a193f5c7f80c0479a7b876d8440?s=96&d=mm&r=g","caption":"fuecapilar"},"url":"https:\/\/fuecapilar.com\/es\/author\/fuecapilar\/"}]}},"_links":{"self":[{"href":"https:\/\/fuecapilar.com\/es\/wp-json\/wp\/v2\/posts\/2738","targetHints":{"allow":["GET"]}}],"collection":[{"href":"https:\/\/fuecapilar.com\/es\/wp-json\/wp\/v2\/posts"}],"about":[{"href":"https:\/\/fuecapilar.com\/es\/wp-json\/wp\/v2\/types\/post"}],"author":[{"embeddable":true,"href":"https:\/\/fuecapilar.com\/es\/wp-json\/wp\/v2\/users\/2"}],"replies":[{"embeddable":true,"href":"https:\/\/fuecapilar.com\/es\/wp-json\/wp\/v2\/comments?post=2738"}],"version-history":[{"count":1,"href":"https:\/\/fuecapilar.com\/es\/wp-json\/wp\/v2\/posts\/2738\/revisions"}],"predecessor-version":[{"id":3158,"href":"https:\/\/fuecapilar.com\/es\/wp-json\/wp\/v2\/posts\/2738\/revisions\/3158"}],"wp:featuredmedia":[{"embeddable":true,"href":"https:\/\/fuecapilar.com\/es\/wp-json\/wp\/v2\/media\/2739"}],"wp:attachment":[{"href":"https:\/\/fuecapilar.com\/es\/wp-json\/wp\/v2\/media?parent=2738"}],"wp:term":[{"taxonomy":"category","embeddable":true,"href":"https:\/\/fuecapilar.com\/es\/wp-json\/wp\/v2\/categories?post=2738"},{"taxonomy":"post_tag","embeddable":true,"href":"https:\/\/fuecapilar.com\/es\/wp-json\/wp\/v2\/tags?post=2738"}],"curies":[{"name":"wp","href":"https:\/\/api.w.org\/{rel}","templated":true}]}}