{"id":2756,"date":"2018-07-05T05:13:06","date_gmt":"2018-07-05T05:13:06","guid":{"rendered":"https:\/\/fuecapilar.com\/?p=1338"},"modified":"2023-09-12T15:29:51","modified_gmt":"2023-09-12T15:29:51","slug":"mitos-verdades-la-caida-del-cabello","status":"publish","type":"post","link":"https:\/\/fuecapilar.com\/es\/mitos-verdades-la-caida-del-cabello\/","title":{"rendered":"Mitos y verdades sobre la ca\u00edda del cabello"},"content":{"rendered":"<p>En torno a la <strong>ca\u00edda del cabello<\/strong> existen miles de especulaciones. Son muchos los rumores, y algunas las verdades, que intentan explicar por qu\u00e9 se produce. Si bien es cierto que se trata de una tendencia innegable, pues casi <strong>la mitad de los hombres<\/strong> experimentar\u00e1 una <a href=\"https:\/\/fuecapilar.com\/todo-sobre-el-pelo\/perdida-de-cabello\/\">p\u00e9rdida capilar antes de los 35 a\u00f1os<\/a>, as\u00ed como una proporci\u00f3n importante de mujeres.<\/p>\n<h2>Mitos y verdades sobre la ca\u00edda del cabello<\/h2>\n<p>En primer lugar, debemos dejar claro que, en el caso de que la alopecia tenga un componente gen\u00e9tico, este no puede ser atribuido a la familia paterna o materna. Para poder hacer esta distinci\u00f3n tendr\u00edamos que llevar a cabo un estudio gen\u00e9tico que permitiera detectar en qu\u00e9 cromosoma se encuentra el gen alterado. Sin embargo, <strong>actualmente se desconoce la localizaci\u00f3n gen\u00e9tica<\/strong>, por lo que esta se convierte en imposible de llevar a cabo. En consecuencia, a la alopecia no se le pueden asignar culpables.<\/p>\n<p>Una teor\u00eda popular que s\u00ed se corresponde con la realidad es la cantidad de pelo que <strong>se pierde al d\u00eda, entre 40 y 120 cabellos<\/strong>. Esta cifra puede parecerte muy elevada, pero, al compararse con la cantidad de superficie capilar que se tiene (en torno a 100000 cabellos) pasa a ser una cantidad casi irrisoria, pues no supone ni el 0,5 % del total capilar. Por este motivo, si, al peinarse, el peine acaba lleno de pelo, no tiene por qu\u00e9 ser algo patol\u00f3gico, puede ser totalmente normal; sin embargo, ante la duda, la mejor opci\u00f3n es que contactes con un centro profesional y consultar.<\/p>\n<p>Otro mito sobre la ca\u00edda del pelo tiene que ver con <strong>nuestros h\u00e1bitos higi\u00e9nicos<\/strong>. A lo largo de los a\u00f1os se ha establecido que un lavado excesivo del cabello, lo debilita y promueve su ca\u00edda, nada m\u00e1s alejado de la realidad. Del mismo modo, el empleo de agua caliente durante su lavado, el uso de planchas o de tintes tampoco supone un da\u00f1o para el fol\u00edculo. Ninguno de estos factores ha demostrado tener relaci\u00f3n cient\u00edfica alguna con la p\u00e9rdida de fol\u00edculos.<\/p>\n<p>Y, por \u00faltimo, el peor mito de todos. Se acostumbra a decir que <strong>la ca\u00edda del pelo no tiene vuelta atr\u00e1s<\/strong> y esto es totalmente <strong>falso<\/strong>.<\/p>\n<h2>Soluciones a la p\u00e9rdida de cabello: <a href=\"https:\/\/fuecapilar.com\/\">implantes capilares<\/a><\/h2>\n<p>A lo largo de la historia, han sido muchas las opciones que se nos han ofrecido para parar la ca\u00edda del cabello: champ\u00fas fortalecedores, p\u00edldoras, pastillas\u2026 Si bien, ninguno de estos ofrece un resultado tan palpable, eficaz y duradero como el que ofrecen los <strong>implantes capilares<\/strong>.<\/p>\n<p>El implante capilar es una intervenci\u00f3n quir\u00fargica en la cual se recupera la zona capilar perdida mediante un autotrasplante de cabello (se extraen fol\u00edculos pilosos de la zona posterior y se injertan all\u00e1 donde sean necesarios). Es <strong>una operaci\u00f3n muy sencilla<\/strong>, que adem\u00e1s descarta el riesgo de rechazo gracias a que el pelo injertado es el propio del paciente. Adem\u00e1s, al tratarse del mismo cabello, el resultado est\u00e9tico es inmejorable: mismo tono, grosor y forma.<\/p>\n<p>Por tanto, ante la primera sospecha de <strong>ca\u00edda del cabello<\/strong> es vital que acudas a un profesional, el cual podr\u00e1 discernir entre una p\u00e9rdida fisiol\u00f3gica o no.<\/p>\n<p>La <strong>ca\u00edda del cabello<\/strong> ha dejado de ser un problema irresoluble, pues ya podemos decir que tiene soluci\u00f3n eficaz. A continuaci\u00f3n, glosamos los tratamientos m\u00e1s id\u00f3neos para que te olvides de ella para siempre.<\/p>\n\n<div class=\"wpcf7 no-js\" id=\"wpcf7-f3128-o1\" lang=\"es-ES\" dir=\"ltr\" data-wpcf7-id=\"3128\">\n<div class=\"screen-reader-response\"><p role=\"status\" aria-live=\"polite\" aria-atomic=\"true\"><\/p> <ul><\/ul><\/div>\n<form action=\"\/es\/wp-json\/wp\/v2\/posts\/2756#wpcf7-f3128-o1\" method=\"post\" class=\"wpcf7-form init\" aria-label=\"Formulario de contacto\" novalidate=\"novalidate\" data-status=\"init\">\n<fieldset class=\"hidden-fields-container\"><input type=\"hidden\" name=\"_wpcf7\" value=\"3128\" \/><input type=\"hidden\" name=\"_wpcf7_version\" value=\"6.1.5\" \/><input type=\"hidden\" name=\"_wpcf7_locale\" value=\"es_ES\" \/><input type=\"hidden\" name=\"_wpcf7_unit_tag\" value=\"wpcf7-f3128-o1\" \/><input type=\"hidden\" name=\"_wpcf7_container_post\" value=\"0\" \/><input type=\"hidden\" name=\"_wpcf7_posted_data_hash\" value=\"\" \/>\n<\/fieldset>\n<div class=\"form-post\">\n\t<div class=\"form-post-titulo\">\n\t\t<p>Quiero recibir m\u00e1s informaci\u00f3n\n\t\t<\/p>\n\t<\/div>\n\t<div class=\"form-post-campos\">\n\t\t<div class=\"form-post-campo\">\n\t\t\t<p><span class=\"wpcf7-form-control-wrap\" data-name=\"your-name\"><input size=\"40\" maxlength=\"400\" class=\"wpcf7-form-control wpcf7-text wpcf7-validates-as-required\" aria-required=\"true\" aria-invalid=\"false\" placeholder=\"Nombree\" value=\"\" type=\"text\" name=\"your-name\" \/><\/span>\n\t\t\t<\/p>\n\t\t<\/div>\n\t\t<div class=\"form-post-campo\">\n\t\t\t<p><span class=\"wpcf7-form-control-wrap\" data-name=\"your-email\"><input size=\"40\" maxlength=\"400\" class=\"wpcf7-form-control wpcf7-email wpcf7-validates-as-required wpcf7-text wpcf7-validates-as-email\" aria-required=\"true\" aria-invalid=\"false\" placeholder=\"E-mail\" value=\"\" type=\"email\" name=\"your-email\" \/><\/span>\n\t\t\t<\/p>\n\t\t<\/div>\n\t\t<div class=\"form-post-campo\">\n\t\t\t<p><span class=\"wpcf7-form-control-wrap\" data-name=\"telefono\"><input size=\"40\" maxlength=\"400\" class=\"wpcf7-form-control wpcf7-tel wpcf7-validates-as-required wpcf7-text wpcf7-validates-as-tel\" aria-required=\"true\" aria-invalid=\"false\" placeholder=\"Tel\u00e9fono\" value=\"\" type=\"tel\" name=\"telefono\" \/><\/span>\n\t\t\t<\/p>\n\t\t<\/div>\n\t\t<div class=\"form-post-boton\">\n\t\t\t<p><input class=\"wpcf7-form-control wpcf7-submit has-spinner\" type=\"submit\" value=\"Enviar\" \/>\n\t\t\t<\/p>\n\t\t<\/div>\n\t<\/div>\n\t<div class=\"clear\">\n\t<\/div>\n\t<div class=\"form-post-politica\">\n\t\t<div>\n\t\t\t<p><span class=\"wpcf7-form-control-wrap\" data-name=\"acceptance-498\"><span class=\"wpcf7-form-control wpcf7-acceptance\"><span class=\"wpcf7-list-item\"><input type=\"checkbox\" name=\"acceptance-498\" value=\"1\" aria-invalid=\"false\" \/><\/span><\/span><\/span>\n\t\t\t<\/p>\n\t\t<\/div>\n\t\t<div>\n\t\t\t<p>He le\u00eddo la <a href=\"https:\/\/www.fuecapilar.com\/privacy-policy\/\">pol\u00edtica de privacidad<\/a>\n\t\t\t<\/p>\n\t\t<\/div>\n\t<\/div>\n<\/div><div class=\"wpcf7-response-output\" aria-hidden=\"true\"><\/div>\n<\/form>\n<\/div>\n\n<h2>Tratamiento efectivo<\/h2>\n<p>Entre todas las opciones que hay en el mercado, debemos destacar la innegable utilidad del PRP (tratamiento con plasma rico en plaquetas). Estas son sus caracter\u00edsticas principales:<\/p>\n<p>&#8211; Usa <strong>los propios tejidos de tu sangre <\/strong>para fomentar el crecimiento de tu pelo. Tras una extracci\u00f3n y un centrifugado, se obtienen las fracciones plasm\u00e1ticas correspondientes, las cuales se inyectan en el cuero cabelludo para que el fol\u00edculo piloso vuelva a funcionar correctamente.<\/p>\n<p>&#8211; Se usa <strong>anestesia <\/strong>para la intervenci\u00f3n. En ocasiones, basta con usar hielo.<\/p>\n<p>&#8211; Es fundamental realizar este tratamiento tras el trasplante de pelo para acelerar la cicatrizaci\u00f3n y conseguir que el nuevo pelo crezca con fortaleza.<\/p>\n<h2>Injertos capilares<\/h2>\n<p>Son la soluci\u00f3n m\u00e1s r\u00e1pida y pr\u00e1ctica. Es muy importante recordar que este tipo de operaciones:<\/p>\n<p>&#8211; Se realizan <strong>en Turqu\u00eda<\/strong> y se ofrecen con un paquete de vuelo y alojamiento incluido. Estambul, que se ha convertido en la principal ciudad mundial para realizar trasplantes capilares, cuenta ya con hospitales especializados cuyas condiciones higi\u00e9nicas son las mismas que en las de cualquier hospital o cl\u00ednica espa\u00f1ola.<\/p>\n<p>&#8211; En cada tratamiento se llevan a cabo <strong>hasta 5000 injertos<\/strong>. Se termina el proceso con el PRP arriba descrito.<\/p>\n<p>&#8211; El <strong>procedimiento es sencillo<\/strong>. Se extrae el pelo de la zona de la nuca para implantarlo en la zona frontal. El cirujano hace un dise\u00f1o de por d\u00f3nde deber\u00eda ir la nueva l\u00ednea del pelo para que el injerto sea tan natural como favorecedor.<\/p>\n<p>&#8211; Se incluye <strong>un gu\u00eda que habla espa\u00f1ol<\/strong> y un hotel de 4 o 5 estrellas para alojarse. La ocasi\u00f3n es id\u00f3nea para no dejar de visitar los puntos m\u00e1s interesantes de una ciudad tan bella como enigm\u00e1tica.<\/p>\n<p>&#8211; El precio es muy asequible teniendo en cuenta la duraci\u00f3n del viaje y la eficacia del tratamiento. Por <strong>unos 1800 euros<\/strong> podr\u00e1s lucir una nueva imagen y con total garant\u00eda de \u00e9xito. De hecho, se certifica, por escrito, que los resultados ser\u00e1n favorables y se llevar\u00e1 a cabo un estudio previo para evitar posibles complicaciones.<\/p>\n<p>El sector no deja de crecer, por lo que resulta indispensable actualizar las t\u00e9cnicas y los procedimientos que se ponen en pr\u00e1ctica. Conf\u00eda exclusivamente en hospitales o cl\u00ednicas que tengan experiencia y que sepan amoldarse a los nuevos tiempos para ofrecerte el mejor servicio posible.<\/p>\n<p>El resto de tratamientos, como las c\u00e9lulas madre, el l\u00e1ser y los productos de farmacia no son tan efectivos como los arriba descritos. Las soluciones a los problemas de <strong>ca\u00edda del cabello<\/strong> han de ser eficientes y, sobre todo, duraderas. La estimulaci\u00f3n de los fol\u00edculos pilosos con tus propias plaquetas, as\u00ed como un injerto de tu propio pelo, son opciones tan adecuadas como efectivas y asequibles. No te dejes enga\u00f1ar por cantos de sirena y conf\u00eda solo en profesionales que te ofrezcan los mejores resultados.<\/p>\n","protected":false},"excerpt":{"rendered":"<p>En torno a la ca\u00edda del cabello existen miles de especulaciones. Son muchos los rumores, y algunas las verdades, que intentan explicar por qu\u00e9 se produce. Si bien es cierto que se trata de una tendencia innegable, pues casi la mitad de los hombres experimentar\u00e1 una p\u00e9rdida capilar antes de los 35 a\u00f1os, as\u00ed como [&hellip;]<\/p>\n","protected":false},"author":2,"featured_media":2475,"comment_status":"open","ping_status":"open","sticky":false,"template":"","format":"standard","meta":{"site-sidebar-layout":"default","site-content-layout":"default","ast-site-content-layout":"","site-content-style":"default","site-sidebar-style":"default","ast-global-header-display":"","ast-banner-title-visibility":"","ast-main-header-display":"","ast-hfb-above-header-display":"","ast-hfb-below-header-display":"","ast-hfb-mobile-header-display":"","site-post-title":"","ast-breadcrumbs-content":"","ast-featured-img":"","footer-sml-layout":"","theme-transparent-header-meta":"default","adv-header-id-meta":"","stick-header-meta":"","header-above-stick-meta":"","header-main-stick-meta":"","header-below-stick-meta":"","astra-migrate-meta-layouts":"default","ast-page-background-enabled":"default","ast-page-background-meta":{"desktop":{"background-color":"var(--ast-global-color-4)","background-image":"","background-repeat":"repeat","background-position":"center center","background-size":"auto","background-attachment":"scroll","background-type":"","background-media":"","overlay-type":"","overlay-color":"","overlay-opacity":"","overlay-gradient":""},"tablet":{"background-color":"","background-image":"","background-repeat":"repeat","background-position":"center center","background-size":"auto","background-attachment":"scroll","background-type":"","background-media":"","overlay-type":"","overlay-color":"","overlay-opacity":"","overlay-gradient":""},"mobile":{"background-color":"","background-image":"","background-repeat":"repeat","background-position":"center center","background-size":"auto","background-attachment":"scroll","background-type":"","background-media":"","overlay-type":"","overlay-color":"","overlay-opacity":"","overlay-gradient":""}},"ast-content-background-meta":{"desktop":{"background-color":"var(--ast-global-color-5)","background-image":"","background-repeat":"repeat","background-position":"center center","background-size":"auto","background-attachment":"scroll","background-type":"","background-media":"","overlay-type":"","overlay-color":"","overlay-opacity":"","overlay-gradient":""},"tablet":{"background-color":"var(--ast-global-color-5)","background-image":"","background-repeat":"repeat","background-position":"center center","background-size":"auto","background-attachment":"scroll","background-type":"","background-media":"","overlay-type":"","overlay-color":"","overlay-opacity":"","overlay-gradient":""},"mobile":{"background-color":"var(--ast-global-color-5)","background-image":"","background-repeat":"repeat","background-position":"center center","background-size":"auto","background-attachment":"scroll","background-type":"","background-media":"","overlay-type":"","overlay-color":"","overlay-opacity":"","overlay-gradient":""}},"footnotes":""},"categories":[],"tags":[30,94,95,90,41],"class_list":["post-2756","post","type-post","status-publish","format-standard","has-post-thumbnail","hentry","tag-caida-cabello","tag-caida-cabello-mitos","tag-caida-cabello-verdades","tag-implantes-capilares","tag-injertos-capilares"],"yoast_head":"<!-- This site is optimized with the Yoast SEO plugin v27.4 - https:\/\/yoast.com\/product\/yoast-seo-wordpress\/ -->\n<title>Mitos y verdades sobre la ca\u00edda del cabello - FUECAPILAR<\/title>\n<meta name=\"description\" content=\"La ca\u00edda del cabello es un problema muy frecuente en hombres, pero tambi\u00e9n en mujeres, suponiendo un problema est\u00e9tico y social, pero que tiene soluci\u00f3n\" \/>\n<meta name=\"robots\" content=\"index, follow, max-snippet:-1, max-image-preview:large, max-video-preview:-1\" \/>\n<link rel=\"canonical\" href=\"https:\/\/fuecapilar.com\/es\/mitos-verdades-la-caida-del-cabello\/\" \/>\n<meta property=\"og:locale\" content=\"es_ES\" \/>\n<meta property=\"og:type\" content=\"article\" \/>\n<meta property=\"og:title\" content=\"Mitos y verdades sobre la ca\u00edda del cabello - FUECAPILAR\" \/>\n<meta property=\"og:description\" content=\"La ca\u00edda del cabello es un problema muy frecuente en hombres, pero tambi\u00e9n en mujeres, suponiendo un problema est\u00e9tico y social, pero que tiene soluci\u00f3n\" \/>\n<meta property=\"og:url\" content=\"https:\/\/fuecapilar.com\/es\/mitos-verdades-la-caida-del-cabello\/\" \/>\n<meta property=\"og:site_name\" content=\"FUECAPILAR\" \/>\n<meta property=\"article:published_time\" content=\"2018-07-05T05:13:06+00:00\" \/>\n<meta property=\"article:modified_time\" content=\"2023-09-12T15:29:51+00:00\" \/>\n<meta property=\"og:image\" content=\"https:\/\/fuecapilar.com\/wp-content\/uploads\/2018\/03\/la-caida-del-cabello.jpg\" \/>\n\t<meta property=\"og:image:width\" content=\"1200\" \/>\n\t<meta property=\"og:image:height\" content=\"1099\" \/>\n\t<meta property=\"og:image:type\" content=\"image\/jpeg\" \/>\n<meta name=\"author\" content=\"fuecapilar\" \/>\n<meta name=\"twitter:card\" content=\"summary_large_image\" \/>\n<meta name=\"twitter:label1\" content=\"Escrito por\" \/>\n\t<meta name=\"twitter:data1\" content=\"fuecapilar\" \/>\n\t<meta name=\"twitter:label2\" content=\"Tiempo de lectura\" \/>\n\t<meta name=\"twitter:data2\" content=\"6 minutos\" \/>\n<script type=\"application\/ld+json\" class=\"yoast-schema-graph\">{\"@context\":\"https:\\\/\\\/schema.org\",\"@graph\":[{\"@type\":\"Article\",\"@id\":\"https:\\\/\\\/fuecapilar.com\\\/es\\\/mitos-verdades-la-caida-del-cabello\\\/#article\",\"isPartOf\":{\"@id\":\"https:\\\/\\\/fuecapilar.com\\\/es\\\/mitos-verdades-la-caida-del-cabello\\\/\"},\"author\":{\"name\":\"fuecapilar\",\"@id\":\"https:\\\/\\\/fuecapilar.com\\\/#\\\/schema\\\/person\\\/76e22a8dbc23e73c56c4e753c31c3b95\"},\"headline\":\"Mitos y verdades sobre la ca\u00edda del cabello\",\"datePublished\":\"2018-07-05T05:13:06+00:00\",\"dateModified\":\"2023-09-12T15:29:51+00:00\",\"mainEntityOfPage\":{\"@id\":\"https:\\\/\\\/fuecapilar.com\\\/es\\\/mitos-verdades-la-caida-del-cabello\\\/\"},\"wordCount\":1112,\"commentCount\":0,\"publisher\":{\"@id\":\"https:\\\/\\\/fuecapilar.com\\\/#organization\"},\"image\":{\"@id\":\"https:\\\/\\\/fuecapilar.com\\\/es\\\/mitos-verdades-la-caida-del-cabello\\\/#primaryimage\"},\"thumbnailUrl\":\"https:\\\/\\\/fuecapilar.com\\\/wp-content\\\/uploads\\\/2018\\\/03\\\/la-caida-del-cabello.jpg\",\"keywords\":[\"caida cabello\",\"caida cabello mitos\",\"caida cabello verdades\",\"implantes capilares\",\"injertos capilares\"],\"inLanguage\":\"es\",\"potentialAction\":[{\"@type\":\"CommentAction\",\"name\":\"Comment\",\"target\":[\"https:\\\/\\\/fuecapilar.com\\\/es\\\/mitos-verdades-la-caida-del-cabello\\\/#respond\"]}]},{\"@type\":\"WebPage\",\"@id\":\"https:\\\/\\\/fuecapilar.com\\\/es\\\/mitos-verdades-la-caida-del-cabello\\\/\",\"url\":\"https:\\\/\\\/fuecapilar.com\\\/es\\\/mitos-verdades-la-caida-del-cabello\\\/\",\"name\":\"Mitos y verdades sobre la ca\u00edda del cabello - FUECAPILAR\",\"isPartOf\":{\"@id\":\"https:\\\/\\\/fuecapilar.com\\\/#website\"},\"primaryImageOfPage\":{\"@id\":\"https:\\\/\\\/fuecapilar.com\\\/es\\\/mitos-verdades-la-caida-del-cabello\\\/#primaryimage\"},\"image\":{\"@id\":\"https:\\\/\\\/fuecapilar.com\\\/es\\\/mitos-verdades-la-caida-del-cabello\\\/#primaryimage\"},\"thumbnailUrl\":\"https:\\\/\\\/fuecapilar.com\\\/wp-content\\\/uploads\\\/2018\\\/03\\\/la-caida-del-cabello.jpg\",\"datePublished\":\"2018-07-05T05:13:06+00:00\",\"dateModified\":\"2023-09-12T15:29:51+00:00\",\"description\":\"La ca\u00edda del cabello es un problema muy frecuente en hombres, pero tambi\u00e9n en mujeres, suponiendo un problema est\u00e9tico y social, pero que tiene soluci\u00f3n\",\"breadcrumb\":{\"@id\":\"https:\\\/\\\/fuecapilar.com\\\/es\\\/mitos-verdades-la-caida-del-cabello\\\/#breadcrumb\"},\"inLanguage\":\"es\",\"potentialAction\":[{\"@type\":\"ReadAction\",\"target\":[\"https:\\\/\\\/fuecapilar.com\\\/es\\\/mitos-verdades-la-caida-del-cabello\\\/\"]}]},{\"@type\":\"ImageObject\",\"inLanguage\":\"es\",\"@id\":\"https:\\\/\\\/fuecapilar.com\\\/es\\\/mitos-verdades-la-caida-del-cabello\\\/#primaryimage\",\"url\":\"https:\\\/\\\/fuecapilar.com\\\/wp-content\\\/uploads\\\/2018\\\/03\\\/la-caida-del-cabello.jpg\",\"contentUrl\":\"https:\\\/\\\/fuecapilar.com\\\/wp-content\\\/uploads\\\/2018\\\/03\\\/la-caida-del-cabello.jpg\",\"width\":1200,\"height\":1099},{\"@type\":\"BreadcrumbList\",\"@id\":\"https:\\\/\\\/fuecapilar.com\\\/es\\\/mitos-verdades-la-caida-del-cabello\\\/#breadcrumb\",\"itemListElement\":[{\"@type\":\"ListItem\",\"position\":1,\"name\":\"Home\",\"item\":\"https:\\\/\\\/fuecapilar.com\\\/es\\\/\"},{\"@type\":\"ListItem\",\"position\":2,\"name\":\"Mitos y verdades sobre la ca\u00edda del cabello\"}]},{\"@type\":\"WebSite\",\"@id\":\"https:\\\/\\\/fuecapilar.com\\\/#website\",\"url\":\"https:\\\/\\\/fuecapilar.com\\\/\",\"name\":\"FUECAPILAR\",\"description\":\"Surgery performed by a surgeon\",\"publisher\":{\"@id\":\"https:\\\/\\\/fuecapilar.com\\\/#organization\"},\"potentialAction\":[{\"@type\":\"SearchAction\",\"target\":{\"@type\":\"EntryPoint\",\"urlTemplate\":\"https:\\\/\\\/fuecapilar.com\\\/?s={search_term_string}\"},\"query-input\":{\"@type\":\"PropertyValueSpecification\",\"valueRequired\":true,\"valueName\":\"search_term_string\"}}],\"inLanguage\":\"es\"},{\"@type\":\"Organization\",\"@id\":\"https:\\\/\\\/fuecapilar.com\\\/#organization\",\"name\":\"FUECAPILAR\",\"url\":\"https:\\\/\\\/fuecapilar.com\\\/\",\"logo\":{\"@type\":\"ImageObject\",\"inLanguage\":\"es\",\"@id\":\"https:\\\/\\\/fuecapilar.com\\\/#\\\/schema\\\/logo\\\/image\\\/\",\"url\":\"https:\\\/\\\/fuecapilar.com\\\/wp-content\\\/uploads\\\/2023\\\/04\\\/fuecapilar-logo.png\",\"contentUrl\":\"https:\\\/\\\/fuecapilar.com\\\/wp-content\\\/uploads\\\/2023\\\/04\\\/fuecapilar-logo.png\",\"width\":400,\"height\":85,\"caption\":\"FUECAPILAR\"},\"image\":{\"@id\":\"https:\\\/\\\/fuecapilar.com\\\/#\\\/schema\\\/logo\\\/image\\\/\"}},{\"@type\":\"Person\",\"@id\":\"https:\\\/\\\/fuecapilar.com\\\/#\\\/schema\\\/person\\\/76e22a8dbc23e73c56c4e753c31c3b95\",\"name\":\"fuecapilar\",\"image\":{\"@type\":\"ImageObject\",\"inLanguage\":\"es\",\"@id\":\"https:\\\/\\\/secure.gravatar.com\\\/avatar\\\/951a14ccd73caa77e3dbef5ef02f3eaebe8c9a193f5c7f80c0479a7b876d8440?s=96&d=mm&r=g\",\"url\":\"https:\\\/\\\/secure.gravatar.com\\\/avatar\\\/951a14ccd73caa77e3dbef5ef02f3eaebe8c9a193f5c7f80c0479a7b876d8440?s=96&d=mm&r=g\",\"contentUrl\":\"https:\\\/\\\/secure.gravatar.com\\\/avatar\\\/951a14ccd73caa77e3dbef5ef02f3eaebe8c9a193f5c7f80c0479a7b876d8440?s=96&d=mm&r=g\",\"caption\":\"fuecapilar\"},\"url\":\"https:\\\/\\\/fuecapilar.com\\\/es\\\/author\\\/fuecapilar\\\/\"}]}<\/script>\n<!-- \/ Yoast SEO plugin. -->","yoast_head_json":{"title":"Mitos y verdades sobre la ca\u00edda del cabello - FUECAPILAR","description":"La ca\u00edda del cabello es un problema muy frecuente en hombres, pero tambi\u00e9n en mujeres, suponiendo un problema est\u00e9tico y social, pero que tiene soluci\u00f3n","robots":{"index":"index","follow":"follow","max-snippet":"max-snippet:-1","max-image-preview":"max-image-preview:large","max-video-preview":"max-video-preview:-1"},"canonical":"https:\/\/fuecapilar.com\/es\/mitos-verdades-la-caida-del-cabello\/","og_locale":"es_ES","og_type":"article","og_title":"Mitos y verdades sobre la ca\u00edda del cabello - FUECAPILAR","og_description":"La ca\u00edda del cabello es un problema muy frecuente en hombres, pero tambi\u00e9n en mujeres, suponiendo un problema est\u00e9tico y social, pero que tiene soluci\u00f3n","og_url":"https:\/\/fuecapilar.com\/es\/mitos-verdades-la-caida-del-cabello\/","og_site_name":"FUECAPILAR","article_published_time":"2018-07-05T05:13:06+00:00","article_modified_time":"2023-09-12T15:29:51+00:00","og_image":[{"width":1200,"height":1099,"url":"https:\/\/fuecapilar.com\/wp-content\/uploads\/2018\/03\/la-caida-del-cabello.jpg","type":"image\/jpeg"}],"author":"fuecapilar","twitter_card":"summary_large_image","twitter_misc":{"Escrito por":"fuecapilar","Tiempo de lectura":"6 minutos"},"schema":{"@context":"https:\/\/schema.org","@graph":[{"@type":"Article","@id":"https:\/\/fuecapilar.com\/es\/mitos-verdades-la-caida-del-cabello\/#article","isPartOf":{"@id":"https:\/\/fuecapilar.com\/es\/mitos-verdades-la-caida-del-cabello\/"},"author":{"name":"fuecapilar","@id":"https:\/\/fuecapilar.com\/#\/schema\/person\/76e22a8dbc23e73c56c4e753c31c3b95"},"headline":"Mitos y verdades sobre la ca\u00edda del cabello","datePublished":"2018-07-05T05:13:06+00:00","dateModified":"2023-09-12T15:29:51+00:00","mainEntityOfPage":{"@id":"https:\/\/fuecapilar.com\/es\/mitos-verdades-la-caida-del-cabello\/"},"wordCount":1112,"commentCount":0,"publisher":{"@id":"https:\/\/fuecapilar.com\/#organization"},"image":{"@id":"https:\/\/fuecapilar.com\/es\/mitos-verdades-la-caida-del-cabello\/#primaryimage"},"thumbnailUrl":"https:\/\/fuecapilar.com\/wp-content\/uploads\/2018\/03\/la-caida-del-cabello.jpg","keywords":["caida cabello","caida cabello mitos","caida cabello verdades","implantes capilares","injertos capilares"],"inLanguage":"es","potentialAction":[{"@type":"CommentAction","name":"Comment","target":["https:\/\/fuecapilar.com\/es\/mitos-verdades-la-caida-del-cabello\/#respond"]}]},{"@type":"WebPage","@id":"https:\/\/fuecapilar.com\/es\/mitos-verdades-la-caida-del-cabello\/","url":"https:\/\/fuecapilar.com\/es\/mitos-verdades-la-caida-del-cabello\/","name":"Mitos y verdades sobre la ca\u00edda del cabello - FUECAPILAR","isPartOf":{"@id":"https:\/\/fuecapilar.com\/#website"},"primaryImageOfPage":{"@id":"https:\/\/fuecapilar.com\/es\/mitos-verdades-la-caida-del-cabello\/#primaryimage"},"image":{"@id":"https:\/\/fuecapilar.com\/es\/mitos-verdades-la-caida-del-cabello\/#primaryimage"},"thumbnailUrl":"https:\/\/fuecapilar.com\/wp-content\/uploads\/2018\/03\/la-caida-del-cabello.jpg","datePublished":"2018-07-05T05:13:06+00:00","dateModified":"2023-09-12T15:29:51+00:00","description":"La ca\u00edda del cabello es un problema muy frecuente en hombres, pero tambi\u00e9n en mujeres, suponiendo un problema est\u00e9tico y social, pero que tiene soluci\u00f3n","breadcrumb":{"@id":"https:\/\/fuecapilar.com\/es\/mitos-verdades-la-caida-del-cabello\/#breadcrumb"},"inLanguage":"es","potentialAction":[{"@type":"ReadAction","target":["https:\/\/fuecapilar.com\/es\/mitos-verdades-la-caida-del-cabello\/"]}]},{"@type":"ImageObject","inLanguage":"es","@id":"https:\/\/fuecapilar.com\/es\/mitos-verdades-la-caida-del-cabello\/#primaryimage","url":"https:\/\/fuecapilar.com\/wp-content\/uploads\/2018\/03\/la-caida-del-cabello.jpg","contentUrl":"https:\/\/fuecapilar.com\/wp-content\/uploads\/2018\/03\/la-caida-del-cabello.jpg","width":1200,"height":1099},{"@type":"BreadcrumbList","@id":"https:\/\/fuecapilar.com\/es\/mitos-verdades-la-caida-del-cabello\/#breadcrumb","itemListElement":[{"@type":"ListItem","position":1,"name":"Home","item":"https:\/\/fuecapilar.com\/es\/"},{"@type":"ListItem","position":2,"name":"Mitos y verdades sobre la ca\u00edda del cabello"}]},{"@type":"WebSite","@id":"https:\/\/fuecapilar.com\/#website","url":"https:\/\/fuecapilar.com\/","name":"FUECAPILAR","description":"Surgery performed by a surgeon","publisher":{"@id":"https:\/\/fuecapilar.com\/#organization"},"potentialAction":[{"@type":"SearchAction","target":{"@type":"EntryPoint","urlTemplate":"https:\/\/fuecapilar.com\/?s={search_term_string}"},"query-input":{"@type":"PropertyValueSpecification","valueRequired":true,"valueName":"search_term_string"}}],"inLanguage":"es"},{"@type":"Organization","@id":"https:\/\/fuecapilar.com\/#organization","name":"FUECAPILAR","url":"https:\/\/fuecapilar.com\/","logo":{"@type":"ImageObject","inLanguage":"es","@id":"https:\/\/fuecapilar.com\/#\/schema\/logo\/image\/","url":"https:\/\/fuecapilar.com\/wp-content\/uploads\/2023\/04\/fuecapilar-logo.png","contentUrl":"https:\/\/fuecapilar.com\/wp-content\/uploads\/2023\/04\/fuecapilar-logo.png","width":400,"height":85,"caption":"FUECAPILAR"},"image":{"@id":"https:\/\/fuecapilar.com\/#\/schema\/logo\/image\/"}},{"@type":"Person","@id":"https:\/\/fuecapilar.com\/#\/schema\/person\/76e22a8dbc23e73c56c4e753c31c3b95","name":"fuecapilar","image":{"@type":"ImageObject","inLanguage":"es","@id":"https:\/\/secure.gravatar.com\/avatar\/951a14ccd73caa77e3dbef5ef02f3eaebe8c9a193f5c7f80c0479a7b876d8440?s=96&d=mm&r=g","url":"https:\/\/secure.gravatar.com\/avatar\/951a14ccd73caa77e3dbef5ef02f3eaebe8c9a193f5c7f80c0479a7b876d8440?s=96&d=mm&r=g","contentUrl":"https:\/\/secure.gravatar.com\/avatar\/951a14ccd73caa77e3dbef5ef02f3eaebe8c9a193f5c7f80c0479a7b876d8440?s=96&d=mm&r=g","caption":"fuecapilar"},"url":"https:\/\/fuecapilar.com\/es\/author\/fuecapilar\/"}]}},"_links":{"self":[{"href":"https:\/\/fuecapilar.com\/es\/wp-json\/wp\/v2\/posts\/2756","targetHints":{"allow":["GET"]}}],"collection":[{"href":"https:\/\/fuecapilar.com\/es\/wp-json\/wp\/v2\/posts"}],"about":[{"href":"https:\/\/fuecapilar.com\/es\/wp-json\/wp\/v2\/types\/post"}],"author":[{"embeddable":true,"href":"https:\/\/fuecapilar.com\/es\/wp-json\/wp\/v2\/users\/2"}],"replies":[{"embeddable":true,"href":"https:\/\/fuecapilar.com\/es\/wp-json\/wp\/v2\/comments?post=2756"}],"version-history":[{"count":1,"href":"https:\/\/fuecapilar.com\/es\/wp-json\/wp\/v2\/posts\/2756\/revisions"}],"predecessor-version":[{"id":3159,"href":"https:\/\/fuecapilar.com\/es\/wp-json\/wp\/v2\/posts\/2756\/revisions\/3159"}],"wp:featuredmedia":[{"embeddable":true,"href":"https:\/\/fuecapilar.com\/es\/wp-json\/wp\/v2\/media\/2475"}],"wp:attachment":[{"href":"https:\/\/fuecapilar.com\/es\/wp-json\/wp\/v2\/media?parent=2756"}],"wp:term":[{"taxonomy":"category","embeddable":true,"href":"https:\/\/fuecapilar.com\/es\/wp-json\/wp\/v2\/categories?post=2756"},{"taxonomy":"post_tag","embeddable":true,"href":"https:\/\/fuecapilar.com\/es\/wp-json\/wp\/v2\/tags?post=2756"}],"curies":[{"name":"wp","href":"https:\/\/api.w.org\/{rel}","templated":true}]}}