{"id":2812,"date":"2018-04-17T13:39:56","date_gmt":"2018-04-17T13:39:56","guid":{"rendered":"https:\/\/fuecapilar.com\/?p=1362"},"modified":"2023-09-12T15:47:17","modified_gmt":"2023-09-12T15:47:17","slug":"cuidados-evitar-la-alopecia","status":"publish","type":"post","link":"https:\/\/fuecapilar.com\/es\/cuidados-evitar-la-alopecia\/","title":{"rendered":"Cuidados para evitar la alopecia"},"content":{"rendered":"<p>La alopecia es una condici\u00f3n que se da tanto en hombres como en mujeres, aunque es m\u00e1s frecuente en los varones. Actualmente, son cada vez m\u00e1s las personas que la padecen y que se interesan en buscar la manera de <strong>evitar la alopecia<\/strong>. \u00bfSabes que casi la mitad de los hombres la tienen a partir de los 50 a\u00f1os? En el caso de las mujeres, en cambio, ronda el 40 % a partir de los 40 a\u00f1os.<\/p>\n<h3>\u00bfCu\u00e1l es la causa?<\/h3>\n<p>Los expertos apuntan a que uno de los principales factores de la calvicie es <strong>la herencia gen\u00e9tica<\/strong>. Sin embargo, debes saber que los <strong>h\u00e1bitos de vida poco saludables<\/strong> tambi\u00e9n contribuyen de manera significativa en la aparici\u00f3n de esta condici\u00f3n.<\/p>\n<p>Si la calvicie te preocupa, no desesperes. Tiene soluci\u00f3n. Lo m\u00e1s recomendable es acudir a un buen especialista en cuanto comiences a notar los primeros s\u00edntomas de la <strong>ca\u00edda del cabello<\/strong>. De esta manera, podr\u00e1n realizarte un diagn\u00f3stico completo y personalizado para hallar la salida. En estos casos, el profesional suele recomendar medicaci\u00f3n durante la fase inicial de la alopcia, para posteriormente segerir un\u00a0<strong>implante capilar<\/strong>, entre otros tratamientos para atajar el problema. En todo caso, el <strong>diagn\u00f3stico precoz<\/strong> es fundamental para asegurar los buenos resultados del tratamiento.<\/p>\n<h2>\u00bfC\u00f3mo puede evitarse la ca\u00edda del cabello?<\/h2>\n<p>Si bien es cierto que se le debe poner soluci\u00f3n cuando aparece, no es menos importante intentar prevenir este problema. Ya hemos explicado anteriormente que los malos h\u00e1bitos de vida son una de las causas que pueden influir. Por ello, a continuaci\u00f3n te mostramos algunos consejos que puedes seguir para <strong>evitar la alopecia<\/strong>:<\/p>\n<p>&#8211;<strong> Mantener un buen estado a nivel psicol\u00f3gico<\/strong>. Factores como la depresi\u00f3n, la ansiedad o el estr\u00e9s repercuten de manera importante en la salud del cabello. Es bien sabido que en \u00e9pocas de estr\u00e9s el pelo puede caerse. Esto es debido a que el estr\u00e9s hace que se genere una mayor cantidad de adrenalina, lo cual conduce a que el pelo se caiga m\u00e1s.<\/p>\n<p>&#8211; <strong>Hacer deporte<\/strong>. Adem\u00e1s de ayudar a mantener un peso saludable, tambi\u00e9n tendr\u00e1 un impacto positivo en el cabello al <strong>activar la circulaci\u00f3n sangu\u00ednea<\/strong> de todo el cuerpo.<\/p>\n\n<div class=\"wpcf7 no-js\" id=\"wpcf7-f3128-o1\" lang=\"es-ES\" dir=\"ltr\" data-wpcf7-id=\"3128\">\n<div class=\"screen-reader-response\"><p role=\"status\" aria-live=\"polite\" aria-atomic=\"true\"><\/p> <ul><\/ul><\/div>\n<form action=\"\/es\/wp-json\/wp\/v2\/posts\/2812#wpcf7-f3128-o1\" method=\"post\" class=\"wpcf7-form init\" aria-label=\"Formulario de contacto\" novalidate=\"novalidate\" data-status=\"init\">\n<fieldset class=\"hidden-fields-container\"><input type=\"hidden\" name=\"_wpcf7\" value=\"3128\" \/><input type=\"hidden\" name=\"_wpcf7_version\" value=\"6.1.5\" \/><input type=\"hidden\" name=\"_wpcf7_locale\" value=\"es_ES\" \/><input type=\"hidden\" name=\"_wpcf7_unit_tag\" value=\"wpcf7-f3128-o1\" \/><input type=\"hidden\" name=\"_wpcf7_container_post\" value=\"0\" \/><input type=\"hidden\" name=\"_wpcf7_posted_data_hash\" value=\"\" \/>\n<\/fieldset>\n<div class=\"form-post\">\n\t<div class=\"form-post-titulo\">\n\t\t<p>Quiero recibir m\u00e1s informaci\u00f3n\n\t\t<\/p>\n\t<\/div>\n\t<div class=\"form-post-campos\">\n\t\t<div class=\"form-post-campo\">\n\t\t\t<p><span class=\"wpcf7-form-control-wrap\" data-name=\"your-name\"><input size=\"40\" maxlength=\"400\" class=\"wpcf7-form-control wpcf7-text wpcf7-validates-as-required\" aria-required=\"true\" aria-invalid=\"false\" placeholder=\"Nombree\" value=\"\" type=\"text\" name=\"your-name\" \/><\/span>\n\t\t\t<\/p>\n\t\t<\/div>\n\t\t<div class=\"form-post-campo\">\n\t\t\t<p><span class=\"wpcf7-form-control-wrap\" data-name=\"your-email\"><input size=\"40\" maxlength=\"400\" class=\"wpcf7-form-control wpcf7-email wpcf7-validates-as-required wpcf7-text wpcf7-validates-as-email\" aria-required=\"true\" aria-invalid=\"false\" placeholder=\"E-mail\" value=\"\" type=\"email\" name=\"your-email\" \/><\/span>\n\t\t\t<\/p>\n\t\t<\/div>\n\t\t<div class=\"form-post-campo\">\n\t\t\t<p><span class=\"wpcf7-form-control-wrap\" data-name=\"telefono\"><input size=\"40\" maxlength=\"400\" class=\"wpcf7-form-control wpcf7-tel wpcf7-validates-as-required wpcf7-text wpcf7-validates-as-tel\" aria-required=\"true\" aria-invalid=\"false\" placeholder=\"Tel\u00e9fono\" value=\"\" type=\"tel\" name=\"telefono\" \/><\/span>\n\t\t\t<\/p>\n\t\t<\/div>\n\t\t<div class=\"form-post-boton\">\n\t\t\t<p><input class=\"wpcf7-form-control wpcf7-submit has-spinner\" type=\"submit\" value=\"Enviar\" \/>\n\t\t\t<\/p>\n\t\t<\/div>\n\t<\/div>\n\t<div class=\"clear\">\n\t<\/div>\n\t<div class=\"form-post-politica\">\n\t\t<div>\n\t\t\t<p><span class=\"wpcf7-form-control-wrap\" data-name=\"acceptance-498\"><span class=\"wpcf7-form-control wpcf7-acceptance\"><span class=\"wpcf7-list-item\"><input type=\"checkbox\" name=\"acceptance-498\" value=\"1\" aria-invalid=\"false\" \/><\/span><\/span><\/span>\n\t\t\t<\/p>\n\t\t<\/div>\n\t\t<div>\n\t\t\t<p>He le\u00eddo la <a href=\"https:\/\/www.fuecapilar.com\/privacy-policy\/\">pol\u00edtica de privacidad<\/a>\n\t\t\t<\/p>\n\t\t<\/div>\n\t<\/div>\n<\/div><div class=\"wpcf7-response-output\" aria-hidden=\"true\"><\/div>\n<\/form>\n<\/div>\n\n<p>&#8211; Llevar una <strong>alimentaci\u00f3n saludable y equilibrada<\/strong>. Esto va a repercutir de manera directa, no solo en la salud del cabello, sino tambi\u00e9n en la de todo el cuerpo. Una buena alimentaci\u00f3n debe aportar todas las vitaminas y minerales necesarios para el correcto funcionamiento del organismo.<\/p>\n<p>&#8211; Evitar el consumo de alcohol y tabaco. Se deber\u00e1n mantener lejos ambas sustancias si se desea prevenir la <strong>ca\u00edda del cabello<\/strong>.<\/p>\n<p>&#8211; Es importante <strong>cepillar el pelo a diario<\/strong>, pero debes evitar hacerlo de manera brusca y fuerte. Adem\u00e1s, es preferible que utilices peines con p\u00faas separadas.<\/p>\n<p>&#8211; Algunos champ\u00fas llevan determinados componentes que pueden ser perjudiciales para las personas que son propensas a que se les caiga el pelo. Por ello, es importante utilizar <strong>productos capilares adecuados<\/strong>.<\/p>\n<p>Estos consejos pueden ayudarte a <strong>evitar la alopecia<\/strong> o, al menos, intentar prevenirla. Recuerda que, adem\u00e1s de seguir estos cuidados, es importante acudir a un buen especialista para tratar de encontrar una soluci\u00f3n <strong>tempranamente<\/strong>.<\/p>\n","protected":false},"excerpt":{"rendered":"<p>La alopecia es una condici\u00f3n que se da tanto en hombres como en mujeres, aunque es m\u00e1s frecuente en los varones. Actualmente, son cada vez m\u00e1s las personas que la padecen y que se interesan en buscar la manera de evitar la alopecia. \u00bfSabes que casi la mitad de los hombres la tienen a partir [&hellip;]<\/p>\n","protected":false},"author":2,"featured_media":2521,"comment_status":"open","ping_status":"open","sticky":false,"template":"","format":"standard","meta":{"site-sidebar-layout":"default","site-content-layout":"default","ast-site-content-layout":"","site-content-style":"default","site-sidebar-style":"default","ast-global-header-display":"","ast-banner-title-visibility":"","ast-main-header-display":"","ast-hfb-above-header-display":"","ast-hfb-below-header-display":"","ast-hfb-mobile-header-display":"","site-post-title":"","ast-breadcrumbs-content":"","ast-featured-img":"","footer-sml-layout":"","theme-transparent-header-meta":"default","adv-header-id-meta":"","stick-header-meta":"","header-above-stick-meta":"","header-main-stick-meta":"","header-below-stick-meta":"","astra-migrate-meta-layouts":"default","ast-page-background-enabled":"default","ast-page-background-meta":{"desktop":{"background-color":"var(--ast-global-color-4)","background-image":"","background-repeat":"repeat","background-position":"center center","background-size":"auto","background-attachment":"scroll","background-type":"","background-media":"","overlay-type":"","overlay-color":"","overlay-opacity":"","overlay-gradient":""},"tablet":{"background-color":"","background-image":"","background-repeat":"repeat","background-position":"center center","background-size":"auto","background-attachment":"scroll","background-type":"","background-media":"","overlay-type":"","overlay-color":"","overlay-opacity":"","overlay-gradient":""},"mobile":{"background-color":"","background-image":"","background-repeat":"repeat","background-position":"center center","background-size":"auto","background-attachment":"scroll","background-type":"","background-media":"","overlay-type":"","overlay-color":"","overlay-opacity":"","overlay-gradient":""}},"ast-content-background-meta":{"desktop":{"background-color":"var(--ast-global-color-5)","background-image":"","background-repeat":"repeat","background-position":"center center","background-size":"auto","background-attachment":"scroll","background-type":"","background-media":"","overlay-type":"","overlay-color":"","overlay-opacity":"","overlay-gradient":""},"tablet":{"background-color":"var(--ast-global-color-5)","background-image":"","background-repeat":"repeat","background-position":"center center","background-size":"auto","background-attachment":"scroll","background-type":"","background-media":"","overlay-type":"","overlay-color":"","overlay-opacity":"","overlay-gradient":""},"mobile":{"background-color":"var(--ast-global-color-5)","background-image":"","background-repeat":"repeat","background-position":"center center","background-size":"auto","background-attachment":"scroll","background-type":"","background-media":"","overlay-type":"","overlay-color":"","overlay-opacity":"","overlay-gradient":""}},"footnotes":""},"categories":[],"tags":[53,113],"class_list":["post-2812","post","type-post","status-publish","format-standard","has-post-thumbnail","hentry","tag-evitar-alopecia","tag-evitar-caida-cabello"],"yoast_head":"<!-- This site is optimized with the Yoast SEO plugin v27.4 - https:\/\/yoast.com\/product\/yoast-seo-wordpress\/ -->\n<title>Cuidados para evitar la alopecia - FUECAPILAR<\/title>\n<meta name=\"description\" content=\"Si quieres evitar la alopecia es importante llevar unos h\u00e1bitos de vida saludables como una alimentaci\u00f3n equilibrada, hacer deporte y evitar el estr\u00e9s\" \/>\n<meta name=\"robots\" content=\"index, follow, max-snippet:-1, max-image-preview:large, max-video-preview:-1\" \/>\n<link rel=\"canonical\" href=\"https:\/\/fuecapilar.com\/es\/cuidados-evitar-la-alopecia\/\" \/>\n<meta property=\"og:locale\" content=\"es_ES\" \/>\n<meta property=\"og:type\" content=\"article\" \/>\n<meta property=\"og:title\" content=\"Cuidados para evitar la alopecia - FUECAPILAR\" \/>\n<meta property=\"og:description\" content=\"Si quieres evitar la alopecia es importante llevar unos h\u00e1bitos de vida saludables como una alimentaci\u00f3n equilibrada, hacer deporte y evitar el estr\u00e9s\" \/>\n<meta property=\"og:url\" content=\"https:\/\/fuecapilar.com\/es\/cuidados-evitar-la-alopecia\/\" \/>\n<meta property=\"og:site_name\" content=\"FUECAPILAR\" \/>\n<meta property=\"article:published_time\" content=\"2018-04-17T13:39:56+00:00\" \/>\n<meta property=\"article:modified_time\" content=\"2023-09-12T15:47:17+00:00\" \/>\n<meta property=\"og:image\" content=\"https:\/\/fuecapilar.com\/wp-content\/uploads\/2018\/03\/evitar-la-alopecia.jpg\" \/>\n\t<meta property=\"og:image:width\" content=\"1920\" \/>\n\t<meta property=\"og:image:height\" content=\"1277\" \/>\n\t<meta property=\"og:image:type\" content=\"image\/jpeg\" \/>\n<meta name=\"author\" content=\"fuecapilar\" \/>\n<meta name=\"twitter:card\" content=\"summary_large_image\" \/>\n<meta name=\"twitter:label1\" content=\"Escrito por\" \/>\n\t<meta name=\"twitter:data1\" content=\"fuecapilar\" \/>\n\t<meta name=\"twitter:label2\" content=\"Tiempo de lectura\" \/>\n\t<meta name=\"twitter:data2\" content=\"3 minutos\" \/>\n<script type=\"application\/ld+json\" class=\"yoast-schema-graph\">{\"@context\":\"https:\\\/\\\/schema.org\",\"@graph\":[{\"@type\":\"Article\",\"@id\":\"https:\\\/\\\/fuecapilar.com\\\/es\\\/cuidados-evitar-la-alopecia\\\/#article\",\"isPartOf\":{\"@id\":\"https:\\\/\\\/fuecapilar.com\\\/es\\\/cuidados-evitar-la-alopecia\\\/\"},\"author\":{\"name\":\"fuecapilar\",\"@id\":\"https:\\\/\\\/fuecapilar.com\\\/#\\\/schema\\\/person\\\/76e22a8dbc23e73c56c4e753c31c3b95\"},\"headline\":\"Cuidados para evitar la alopecia\",\"datePublished\":\"2018-04-17T13:39:56+00:00\",\"dateModified\":\"2023-09-12T15:47:17+00:00\",\"mainEntityOfPage\":{\"@id\":\"https:\\\/\\\/fuecapilar.com\\\/es\\\/cuidados-evitar-la-alopecia\\\/\"},\"wordCount\":569,\"commentCount\":0,\"publisher\":{\"@id\":\"https:\\\/\\\/fuecapilar.com\\\/#organization\"},\"image\":{\"@id\":\"https:\\\/\\\/fuecapilar.com\\\/es\\\/cuidados-evitar-la-alopecia\\\/#primaryimage\"},\"thumbnailUrl\":\"https:\\\/\\\/fuecapilar.com\\\/wp-content\\\/uploads\\\/2018\\\/03\\\/evitar-la-alopecia.jpg\",\"keywords\":[\"evitar alopecia\",\"evitar caida cabello\"],\"inLanguage\":\"es\",\"potentialAction\":[{\"@type\":\"CommentAction\",\"name\":\"Comment\",\"target\":[\"https:\\\/\\\/fuecapilar.com\\\/es\\\/cuidados-evitar-la-alopecia\\\/#respond\"]}]},{\"@type\":\"WebPage\",\"@id\":\"https:\\\/\\\/fuecapilar.com\\\/es\\\/cuidados-evitar-la-alopecia\\\/\",\"url\":\"https:\\\/\\\/fuecapilar.com\\\/es\\\/cuidados-evitar-la-alopecia\\\/\",\"name\":\"Cuidados para evitar la alopecia - FUECAPILAR\",\"isPartOf\":{\"@id\":\"https:\\\/\\\/fuecapilar.com\\\/#website\"},\"primaryImageOfPage\":{\"@id\":\"https:\\\/\\\/fuecapilar.com\\\/es\\\/cuidados-evitar-la-alopecia\\\/#primaryimage\"},\"image\":{\"@id\":\"https:\\\/\\\/fuecapilar.com\\\/es\\\/cuidados-evitar-la-alopecia\\\/#primaryimage\"},\"thumbnailUrl\":\"https:\\\/\\\/fuecapilar.com\\\/wp-content\\\/uploads\\\/2018\\\/03\\\/evitar-la-alopecia.jpg\",\"datePublished\":\"2018-04-17T13:39:56+00:00\",\"dateModified\":\"2023-09-12T15:47:17+00:00\",\"description\":\"Si quieres evitar la alopecia es importante llevar unos h\u00e1bitos de vida saludables como una alimentaci\u00f3n equilibrada, hacer deporte y evitar el estr\u00e9s\",\"breadcrumb\":{\"@id\":\"https:\\\/\\\/fuecapilar.com\\\/es\\\/cuidados-evitar-la-alopecia\\\/#breadcrumb\"},\"inLanguage\":\"es\",\"potentialAction\":[{\"@type\":\"ReadAction\",\"target\":[\"https:\\\/\\\/fuecapilar.com\\\/es\\\/cuidados-evitar-la-alopecia\\\/\"]}]},{\"@type\":\"ImageObject\",\"inLanguage\":\"es\",\"@id\":\"https:\\\/\\\/fuecapilar.com\\\/es\\\/cuidados-evitar-la-alopecia\\\/#primaryimage\",\"url\":\"https:\\\/\\\/fuecapilar.com\\\/wp-content\\\/uploads\\\/2018\\\/03\\\/evitar-la-alopecia.jpg\",\"contentUrl\":\"https:\\\/\\\/fuecapilar.com\\\/wp-content\\\/uploads\\\/2018\\\/03\\\/evitar-la-alopecia.jpg\",\"width\":1920,\"height\":1277},{\"@type\":\"BreadcrumbList\",\"@id\":\"https:\\\/\\\/fuecapilar.com\\\/es\\\/cuidados-evitar-la-alopecia\\\/#breadcrumb\",\"itemListElement\":[{\"@type\":\"ListItem\",\"position\":1,\"name\":\"Home\",\"item\":\"https:\\\/\\\/fuecapilar.com\\\/es\\\/\"},{\"@type\":\"ListItem\",\"position\":2,\"name\":\"Cuidados para evitar la alopecia\"}]},{\"@type\":\"WebSite\",\"@id\":\"https:\\\/\\\/fuecapilar.com\\\/#website\",\"url\":\"https:\\\/\\\/fuecapilar.com\\\/\",\"name\":\"FUECAPILAR\",\"description\":\"Surgery performed by a surgeon\",\"publisher\":{\"@id\":\"https:\\\/\\\/fuecapilar.com\\\/#organization\"},\"potentialAction\":[{\"@type\":\"SearchAction\",\"target\":{\"@type\":\"EntryPoint\",\"urlTemplate\":\"https:\\\/\\\/fuecapilar.com\\\/?s={search_term_string}\"},\"query-input\":{\"@type\":\"PropertyValueSpecification\",\"valueRequired\":true,\"valueName\":\"search_term_string\"}}],\"inLanguage\":\"es\"},{\"@type\":\"Organization\",\"@id\":\"https:\\\/\\\/fuecapilar.com\\\/#organization\",\"name\":\"FUECAPILAR\",\"url\":\"https:\\\/\\\/fuecapilar.com\\\/\",\"logo\":{\"@type\":\"ImageObject\",\"inLanguage\":\"es\",\"@id\":\"https:\\\/\\\/fuecapilar.com\\\/#\\\/schema\\\/logo\\\/image\\\/\",\"url\":\"https:\\\/\\\/fuecapilar.com\\\/wp-content\\\/uploads\\\/2023\\\/04\\\/fuecapilar-logo.png\",\"contentUrl\":\"https:\\\/\\\/fuecapilar.com\\\/wp-content\\\/uploads\\\/2023\\\/04\\\/fuecapilar-logo.png\",\"width\":400,\"height\":85,\"caption\":\"FUECAPILAR\"},\"image\":{\"@id\":\"https:\\\/\\\/fuecapilar.com\\\/#\\\/schema\\\/logo\\\/image\\\/\"}},{\"@type\":\"Person\",\"@id\":\"https:\\\/\\\/fuecapilar.com\\\/#\\\/schema\\\/person\\\/76e22a8dbc23e73c56c4e753c31c3b95\",\"name\":\"fuecapilar\",\"image\":{\"@type\":\"ImageObject\",\"inLanguage\":\"es\",\"@id\":\"https:\\\/\\\/secure.gravatar.com\\\/avatar\\\/951a14ccd73caa77e3dbef5ef02f3eaebe8c9a193f5c7f80c0479a7b876d8440?s=96&d=mm&r=g\",\"url\":\"https:\\\/\\\/secure.gravatar.com\\\/avatar\\\/951a14ccd73caa77e3dbef5ef02f3eaebe8c9a193f5c7f80c0479a7b876d8440?s=96&d=mm&r=g\",\"contentUrl\":\"https:\\\/\\\/secure.gravatar.com\\\/avatar\\\/951a14ccd73caa77e3dbef5ef02f3eaebe8c9a193f5c7f80c0479a7b876d8440?s=96&d=mm&r=g\",\"caption\":\"fuecapilar\"},\"url\":\"https:\\\/\\\/fuecapilar.com\\\/es\\\/author\\\/fuecapilar\\\/\"}]}<\/script>\n<!-- \/ Yoast SEO plugin. -->","yoast_head_json":{"title":"Cuidados para evitar la alopecia - FUECAPILAR","description":"Si quieres evitar la alopecia es importante llevar unos h\u00e1bitos de vida saludables como una alimentaci\u00f3n equilibrada, hacer deporte y evitar el estr\u00e9s","robots":{"index":"index","follow":"follow","max-snippet":"max-snippet:-1","max-image-preview":"max-image-preview:large","max-video-preview":"max-video-preview:-1"},"canonical":"https:\/\/fuecapilar.com\/es\/cuidados-evitar-la-alopecia\/","og_locale":"es_ES","og_type":"article","og_title":"Cuidados para evitar la alopecia - FUECAPILAR","og_description":"Si quieres evitar la alopecia es importante llevar unos h\u00e1bitos de vida saludables como una alimentaci\u00f3n equilibrada, hacer deporte y evitar el estr\u00e9s","og_url":"https:\/\/fuecapilar.com\/es\/cuidados-evitar-la-alopecia\/","og_site_name":"FUECAPILAR","article_published_time":"2018-04-17T13:39:56+00:00","article_modified_time":"2023-09-12T15:47:17+00:00","og_image":[{"width":1920,"height":1277,"url":"https:\/\/fuecapilar.com\/wp-content\/uploads\/2018\/03\/evitar-la-alopecia.jpg","type":"image\/jpeg"}],"author":"fuecapilar","twitter_card":"summary_large_image","twitter_misc":{"Escrito por":"fuecapilar","Tiempo de lectura":"3 minutos"},"schema":{"@context":"https:\/\/schema.org","@graph":[{"@type":"Article","@id":"https:\/\/fuecapilar.com\/es\/cuidados-evitar-la-alopecia\/#article","isPartOf":{"@id":"https:\/\/fuecapilar.com\/es\/cuidados-evitar-la-alopecia\/"},"author":{"name":"fuecapilar","@id":"https:\/\/fuecapilar.com\/#\/schema\/person\/76e22a8dbc23e73c56c4e753c31c3b95"},"headline":"Cuidados para evitar la alopecia","datePublished":"2018-04-17T13:39:56+00:00","dateModified":"2023-09-12T15:47:17+00:00","mainEntityOfPage":{"@id":"https:\/\/fuecapilar.com\/es\/cuidados-evitar-la-alopecia\/"},"wordCount":569,"commentCount":0,"publisher":{"@id":"https:\/\/fuecapilar.com\/#organization"},"image":{"@id":"https:\/\/fuecapilar.com\/es\/cuidados-evitar-la-alopecia\/#primaryimage"},"thumbnailUrl":"https:\/\/fuecapilar.com\/wp-content\/uploads\/2018\/03\/evitar-la-alopecia.jpg","keywords":["evitar alopecia","evitar caida cabello"],"inLanguage":"es","potentialAction":[{"@type":"CommentAction","name":"Comment","target":["https:\/\/fuecapilar.com\/es\/cuidados-evitar-la-alopecia\/#respond"]}]},{"@type":"WebPage","@id":"https:\/\/fuecapilar.com\/es\/cuidados-evitar-la-alopecia\/","url":"https:\/\/fuecapilar.com\/es\/cuidados-evitar-la-alopecia\/","name":"Cuidados para evitar la alopecia - FUECAPILAR","isPartOf":{"@id":"https:\/\/fuecapilar.com\/#website"},"primaryImageOfPage":{"@id":"https:\/\/fuecapilar.com\/es\/cuidados-evitar-la-alopecia\/#primaryimage"},"image":{"@id":"https:\/\/fuecapilar.com\/es\/cuidados-evitar-la-alopecia\/#primaryimage"},"thumbnailUrl":"https:\/\/fuecapilar.com\/wp-content\/uploads\/2018\/03\/evitar-la-alopecia.jpg","datePublished":"2018-04-17T13:39:56+00:00","dateModified":"2023-09-12T15:47:17+00:00","description":"Si quieres evitar la alopecia es importante llevar unos h\u00e1bitos de vida saludables como una alimentaci\u00f3n equilibrada, hacer deporte y evitar el estr\u00e9s","breadcrumb":{"@id":"https:\/\/fuecapilar.com\/es\/cuidados-evitar-la-alopecia\/#breadcrumb"},"inLanguage":"es","potentialAction":[{"@type":"ReadAction","target":["https:\/\/fuecapilar.com\/es\/cuidados-evitar-la-alopecia\/"]}]},{"@type":"ImageObject","inLanguage":"es","@id":"https:\/\/fuecapilar.com\/es\/cuidados-evitar-la-alopecia\/#primaryimage","url":"https:\/\/fuecapilar.com\/wp-content\/uploads\/2018\/03\/evitar-la-alopecia.jpg","contentUrl":"https:\/\/fuecapilar.com\/wp-content\/uploads\/2018\/03\/evitar-la-alopecia.jpg","width":1920,"height":1277},{"@type":"BreadcrumbList","@id":"https:\/\/fuecapilar.com\/es\/cuidados-evitar-la-alopecia\/#breadcrumb","itemListElement":[{"@type":"ListItem","position":1,"name":"Home","item":"https:\/\/fuecapilar.com\/es\/"},{"@type":"ListItem","position":2,"name":"Cuidados para evitar la alopecia"}]},{"@type":"WebSite","@id":"https:\/\/fuecapilar.com\/#website","url":"https:\/\/fuecapilar.com\/","name":"FUECAPILAR","description":"Surgery performed by a surgeon","publisher":{"@id":"https:\/\/fuecapilar.com\/#organization"},"potentialAction":[{"@type":"SearchAction","target":{"@type":"EntryPoint","urlTemplate":"https:\/\/fuecapilar.com\/?s={search_term_string}"},"query-input":{"@type":"PropertyValueSpecification","valueRequired":true,"valueName":"search_term_string"}}],"inLanguage":"es"},{"@type":"Organization","@id":"https:\/\/fuecapilar.com\/#organization","name":"FUECAPILAR","url":"https:\/\/fuecapilar.com\/","logo":{"@type":"ImageObject","inLanguage":"es","@id":"https:\/\/fuecapilar.com\/#\/schema\/logo\/image\/","url":"https:\/\/fuecapilar.com\/wp-content\/uploads\/2023\/04\/fuecapilar-logo.png","contentUrl":"https:\/\/fuecapilar.com\/wp-content\/uploads\/2023\/04\/fuecapilar-logo.png","width":400,"height":85,"caption":"FUECAPILAR"},"image":{"@id":"https:\/\/fuecapilar.com\/#\/schema\/logo\/image\/"}},{"@type":"Person","@id":"https:\/\/fuecapilar.com\/#\/schema\/person\/76e22a8dbc23e73c56c4e753c31c3b95","name":"fuecapilar","image":{"@type":"ImageObject","inLanguage":"es","@id":"https:\/\/secure.gravatar.com\/avatar\/951a14ccd73caa77e3dbef5ef02f3eaebe8c9a193f5c7f80c0479a7b876d8440?s=96&d=mm&r=g","url":"https:\/\/secure.gravatar.com\/avatar\/951a14ccd73caa77e3dbef5ef02f3eaebe8c9a193f5c7f80c0479a7b876d8440?s=96&d=mm&r=g","contentUrl":"https:\/\/secure.gravatar.com\/avatar\/951a14ccd73caa77e3dbef5ef02f3eaebe8c9a193f5c7f80c0479a7b876d8440?s=96&d=mm&r=g","caption":"fuecapilar"},"url":"https:\/\/fuecapilar.com\/es\/author\/fuecapilar\/"}]}},"_links":{"self":[{"href":"https:\/\/fuecapilar.com\/es\/wp-json\/wp\/v2\/posts\/2812","targetHints":{"allow":["GET"]}}],"collection":[{"href":"https:\/\/fuecapilar.com\/es\/wp-json\/wp\/v2\/posts"}],"about":[{"href":"https:\/\/fuecapilar.com\/es\/wp-json\/wp\/v2\/types\/post"}],"author":[{"embeddable":true,"href":"https:\/\/fuecapilar.com\/es\/wp-json\/wp\/v2\/users\/2"}],"replies":[{"embeddable":true,"href":"https:\/\/fuecapilar.com\/es\/wp-json\/wp\/v2\/comments?post=2812"}],"version-history":[{"count":2,"href":"https:\/\/fuecapilar.com\/es\/wp-json\/wp\/v2\/posts\/2812\/revisions"}],"predecessor-version":[{"id":3175,"href":"https:\/\/fuecapilar.com\/es\/wp-json\/wp\/v2\/posts\/2812\/revisions\/3175"}],"wp:featuredmedia":[{"embeddable":true,"href":"https:\/\/fuecapilar.com\/es\/wp-json\/wp\/v2\/media\/2521"}],"wp:attachment":[{"href":"https:\/\/fuecapilar.com\/es\/wp-json\/wp\/v2\/media?parent=2812"}],"wp:term":[{"taxonomy":"category","embeddable":true,"href":"https:\/\/fuecapilar.com\/es\/wp-json\/wp\/v2\/categories?post=2812"},{"taxonomy":"post_tag","embeddable":true,"href":"https:\/\/fuecapilar.com\/es\/wp-json\/wp\/v2\/tags?post=2812"}],"curies":[{"name":"wp","href":"https:\/\/api.w.org\/{rel}","templated":true}]}}