{"id":2813,"date":"2018-04-13T07:36:39","date_gmt":"2018-04-13T07:36:39","guid":{"rendered":"https:\/\/fuecapilar.com\/?p=1359"},"modified":"2023-09-12T15:46:54","modified_gmt":"2023-09-12T15:46:54","slug":"paquetes-trasplante-capilar-turquia","status":"publish","type":"post","link":"https:\/\/fuecapilar.com\/es\/paquetes-trasplante-capilar-turquia\/","title":{"rendered":"Paquetes de trasplante capilar en Turqu\u00eda"},"content":{"rendered":"<p>Los <strong>paquetes de trasplante capilar en Turqu\u00eda<\/strong> incluyen cada vez m\u00e1s servicios y facilidades para que cualquier persona pueda llevar a cabo un cambio total de imagen y mejora de confianza. El cabello constituye una parte muy importante de la autoestima, por lo que tratar la alopecia y encontrar una soluci\u00f3n adecuada puede ser para muchos una mejora total de calidad de vida.<\/p>\n<h2>Paquetes de trasplante capilar en Turqu\u00eda<\/h2>\n<p>Ahora ya es posible contratar un paquete de \u201c<a href=\"https:\/\/fuecapilar.com\/servicios\/paquetes-y-precios\/serie-basico-paquete-3\/\">todo incluido<\/a>\u201d para poder llevar a cabo la intervenci\u00f3n de <strong>trasplante de fol\u00edculos pilosos en Turqu\u00eda<\/strong>, con todas las facilidades.<\/p>\n<p>El primer paquete incluye <strong>la intervenci\u00f3n con el m\u00e9todo FUE,<\/strong> uno de los sistemas que mejores resultados ha podido aportar a los miles de pacientes que se animan a realizarse un trasplante capilar. Esta intervenci\u00f3n de la mano de cirujanos prestigiosos puede llegar a trasplantar hasta 5.000 fol\u00edculos pilosos en tan solo una sesi\u00f3n bajo anestesia local.<\/p>\n<p>Para el <strong>segundo paquete<\/strong>, se apuesta por un precio mayor, ya que ofrece el <strong>m\u00e9todo FUE sin rapar<\/strong>, para aquellas personas que por determinadas circunstancias no pueden presentar su imagen con una zona del cuero cabelludo rasurada.<\/p>\n\n<div class=\"wpcf7 no-js\" id=\"wpcf7-f3128-o1\" lang=\"es-ES\" dir=\"ltr\" data-wpcf7-id=\"3128\">\n<div class=\"screen-reader-response\"><p role=\"status\" aria-live=\"polite\" aria-atomic=\"true\"><\/p> <ul><\/ul><\/div>\n<form action=\"\/es\/wp-json\/wp\/v2\/posts\/2813#wpcf7-f3128-o1\" method=\"post\" class=\"wpcf7-form init\" aria-label=\"Formulario de contacto\" novalidate=\"novalidate\" data-status=\"init\">\n<fieldset class=\"hidden-fields-container\"><input type=\"hidden\" name=\"_wpcf7\" value=\"3128\" \/><input type=\"hidden\" name=\"_wpcf7_version\" value=\"6.1.5\" \/><input type=\"hidden\" name=\"_wpcf7_locale\" value=\"es_ES\" \/><input type=\"hidden\" name=\"_wpcf7_unit_tag\" value=\"wpcf7-f3128-o1\" \/><input type=\"hidden\" name=\"_wpcf7_container_post\" value=\"0\" \/><input type=\"hidden\" name=\"_wpcf7_posted_data_hash\" value=\"\" \/>\n<\/fieldset>\n<div class=\"form-post\">\n\t<div class=\"form-post-titulo\">\n\t\t<p>Quiero recibir m\u00e1s informaci\u00f3n\n\t\t<\/p>\n\t<\/div>\n\t<div class=\"form-post-campos\">\n\t\t<div class=\"form-post-campo\">\n\t\t\t<p><span class=\"wpcf7-form-control-wrap\" data-name=\"your-name\"><input size=\"40\" maxlength=\"400\" class=\"wpcf7-form-control wpcf7-text wpcf7-validates-as-required\" aria-required=\"true\" aria-invalid=\"false\" placeholder=\"Nombree\" value=\"\" type=\"text\" name=\"your-name\" \/><\/span>\n\t\t\t<\/p>\n\t\t<\/div>\n\t\t<div class=\"form-post-campo\">\n\t\t\t<p><span class=\"wpcf7-form-control-wrap\" data-name=\"your-email\"><input size=\"40\" maxlength=\"400\" class=\"wpcf7-form-control wpcf7-email wpcf7-validates-as-required wpcf7-text wpcf7-validates-as-email\" aria-required=\"true\" aria-invalid=\"false\" placeholder=\"E-mail\" value=\"\" type=\"email\" name=\"your-email\" \/><\/span>\n\t\t\t<\/p>\n\t\t<\/div>\n\t\t<div class=\"form-post-campo\">\n\t\t\t<p><span class=\"wpcf7-form-control-wrap\" data-name=\"telefono\"><input size=\"40\" maxlength=\"400\" class=\"wpcf7-form-control wpcf7-tel wpcf7-validates-as-required wpcf7-text wpcf7-validates-as-tel\" aria-required=\"true\" aria-invalid=\"false\" placeholder=\"Tel\u00e9fono\" value=\"\" type=\"tel\" name=\"telefono\" \/><\/span>\n\t\t\t<\/p>\n\t\t<\/div>\n\t\t<div class=\"form-post-boton\">\n\t\t\t<p><input class=\"wpcf7-form-control wpcf7-submit has-spinner\" type=\"submit\" value=\"Enviar\" \/>\n\t\t\t<\/p>\n\t\t<\/div>\n\t<\/div>\n\t<div class=\"clear\">\n\t<\/div>\n\t<div class=\"form-post-politica\">\n\t\t<div>\n\t\t\t<p><span class=\"wpcf7-form-control-wrap\" data-name=\"acceptance-498\"><span class=\"wpcf7-form-control wpcf7-acceptance\"><span class=\"wpcf7-list-item\"><input type=\"checkbox\" name=\"acceptance-498\" value=\"1\" aria-invalid=\"false\" \/><\/span><\/span><\/span>\n\t\t\t<\/p>\n\t\t<\/div>\n\t\t<div>\n\t\t\t<p>He le\u00eddo la <a href=\"https:\/\/www.fuecapilar.com\/privacy-policy\/\">pol\u00edtica de privacidad<\/a>\n\t\t\t<\/p>\n\t\t<\/div>\n\t<\/div>\n<\/div><div class=\"wpcf7-response-output\" aria-hidden=\"true\"><\/div>\n<\/form>\n<\/div>\n\n<p>Entre las distintas opciones siempre <strong>se incluye el seguimiento y el continuo asesoramiento<\/strong> a distancia con los profesionales, por lo que no habr\u00e1 problema a la hora de comunicar cualquier inquietud a posteriori de la cirug\u00eda. Tambi\u00e9n, se va a incluir <strong>todo el material necesario<\/strong> <strong>para la operaci\u00f3n<\/strong>, como puede ser la ropa hospitalaria, la anal\u00edtica de sangre, la consulta y el diagn\u00f3stico previos, as\u00ed como los medicamentos y tratamientos para el postoperatorio.<\/p>\n<p>Adem\u00e1s, en los paquetes se incluye un <strong>traductor al espa\u00f1ol<\/strong> para poder facilitar toda la comunicaci\u00f3n. Desde que se llega al pa\u00eds, los traslados del aeropuerto al hotel y al hospital est\u00e1n totalmente cubiertos por ch\u00f3fer privado. Por lo general, estos planes incluyen un <strong>m\u00ednimo de 3 noches de alojamiento en hoteles de 5 estrellas<\/strong> con desayunos incluidos.<\/p>\n<p>Otros tratamientos, como el <strong>tratamiento de plasma rico en plaquetas<\/strong> para poder mejorar la piel y el cuero cabelludo, tambi\u00e9n estar\u00e1n incluidos dentro de los planes, as\u00ed como un primer lavado postoperatorio. Lo m\u00e1s importante es que hay una total discreci\u00f3n y <strong>garant\u00eda<\/strong> por escrito de la intervenci\u00f3n realizada.<\/p>\n<h3>Packs de distinto precio para injerto capilar en Turqu\u00eda<\/h3>\n<p>Todas las opciones incluir\u00e1n el <strong>alojamiento y pr\u00e1cticamente todos los servicios<\/strong> anteriormente descritos. El precio diferir\u00e1, sobre todo, en el <strong>tipo de intervenci\u00f3n escogida<\/strong>. El pack de mayor precio va a incluir la <strong>t\u00e9cnica de DHI de trasplante de pelo<\/strong>, una t\u00e9cnica totalmente novedosa que utiliza un implanter, como si fuera un bol\u00edgrafo, para poder precisar los \u00e1ngulos a la hora de colocar los fol\u00edculos pilosos. De esta forma, es posible aumentar incluso la densidad en la zona receptora de fol\u00edculos y acortar los plazos del periodo potsoperatorio, adem\u00e1s de poder aportar eficaces acabados a la intervenci\u00f3n.<\/p>\n<p>Optar por los distintos <strong>paquetes de trasplante capilar en Turqu\u00eda <\/strong>va a permitir resultados totalmente efectivos y eficaces por igual. No obstante, acorde con las necesidades de cada paciente, se podr\u00e1 escoger un paquete u otro.<\/p>\n","protected":false},"excerpt":{"rendered":"<p>Los paquetes de trasplante capilar en Turqu\u00eda incluyen cada vez m\u00e1s servicios y facilidades para que cualquier persona pueda llevar a cabo un cambio total de imagen y mejora de confianza. El cabello constituye una parte muy importante de la autoestima, por lo que tratar la alopecia y encontrar una soluci\u00f3n adecuada puede ser para [&hellip;]<\/p>\n","protected":false},"author":2,"featured_media":2814,"comment_status":"open","ping_status":"open","sticky":false,"template":"","format":"standard","meta":{"site-sidebar-layout":"default","site-content-layout":"default","ast-site-content-layout":"","site-content-style":"default","site-sidebar-style":"default","ast-global-header-display":"","ast-banner-title-visibility":"","ast-main-header-display":"","ast-hfb-above-header-display":"","ast-hfb-below-header-display":"","ast-hfb-mobile-header-display":"","site-post-title":"","ast-breadcrumbs-content":"","ast-featured-img":"","footer-sml-layout":"","theme-transparent-header-meta":"default","adv-header-id-meta":"","stick-header-meta":"","header-above-stick-meta":"","header-main-stick-meta":"","header-below-stick-meta":"","astra-migrate-meta-layouts":"default","ast-page-background-enabled":"default","ast-page-background-meta":{"desktop":{"background-color":"var(--ast-global-color-4)","background-image":"","background-repeat":"repeat","background-position":"center center","background-size":"auto","background-attachment":"scroll","background-type":"","background-media":"","overlay-type":"","overlay-color":"","overlay-opacity":"","overlay-gradient":""},"tablet":{"background-color":"","background-image":"","background-repeat":"repeat","background-position":"center center","background-size":"auto","background-attachment":"scroll","background-type":"","background-media":"","overlay-type":"","overlay-color":"","overlay-opacity":"","overlay-gradient":""},"mobile":{"background-color":"","background-image":"","background-repeat":"repeat","background-position":"center center","background-size":"auto","background-attachment":"scroll","background-type":"","background-media":"","overlay-type":"","overlay-color":"","overlay-opacity":"","overlay-gradient":""}},"ast-content-background-meta":{"desktop":{"background-color":"var(--ast-global-color-5)","background-image":"","background-repeat":"repeat","background-position":"center center","background-size":"auto","background-attachment":"scroll","background-type":"","background-media":"","overlay-type":"","overlay-color":"","overlay-opacity":"","overlay-gradient":""},"tablet":{"background-color":"var(--ast-global-color-5)","background-image":"","background-repeat":"repeat","background-position":"center center","background-size":"auto","background-attachment":"scroll","background-type":"","background-media":"","overlay-type":"","overlay-color":"","overlay-opacity":"","overlay-gradient":""},"mobile":{"background-color":"var(--ast-global-color-5)","background-image":"","background-repeat":"repeat","background-position":"center center","background-size":"auto","background-attachment":"scroll","background-type":"","background-media":"","overlay-type":"","overlay-color":"","overlay-opacity":"","overlay-gradient":""}},"footnotes":""},"categories":[],"tags":[114,84,112],"class_list":["post-2813","post","type-post","status-publish","format-standard","has-post-thumbnail","hentry","tag-injerto-capilar-turquia","tag-tecnica-fue","tag-trasplante-capilar-turquia"],"yoast_head":"<!-- This site is optimized with the Yoast SEO plugin v27.4 - https:\/\/yoast.com\/product\/yoast-seo-wordpress\/ -->\n<title>Paquetes de trasplante capilar en Turqu\u00eda - FUECAPILAR<\/title>\n<meta name=\"description\" content=\"Los paquetes de trasplante capilar en Turqu\u00eda incluyen una gran cantidad de servicios. Desde la intervenci\u00f3n en quir\u00f3fano y cuidados hasta el alojamiento\" \/>\n<meta name=\"robots\" content=\"index, follow, max-snippet:-1, max-image-preview:large, max-video-preview:-1\" \/>\n<link rel=\"canonical\" href=\"https:\/\/fuecapilar.com\/es\/paquetes-trasplante-capilar-turquia\/\" \/>\n<meta property=\"og:locale\" content=\"es_ES\" \/>\n<meta property=\"og:type\" content=\"article\" \/>\n<meta property=\"og:title\" content=\"Paquetes de trasplante capilar en Turqu\u00eda - FUECAPILAR\" \/>\n<meta property=\"og:description\" content=\"Los paquetes de trasplante capilar en Turqu\u00eda incluyen una gran cantidad de servicios. Desde la intervenci\u00f3n en quir\u00f3fano y cuidados hasta el alojamiento\" \/>\n<meta property=\"og:url\" content=\"https:\/\/fuecapilar.com\/es\/paquetes-trasplante-capilar-turquia\/\" \/>\n<meta property=\"og:site_name\" content=\"FUECAPILAR\" \/>\n<meta property=\"article:published_time\" content=\"2018-04-13T07:36:39+00:00\" \/>\n<meta property=\"article:modified_time\" content=\"2023-09-12T15:46:54+00:00\" \/>\n<meta property=\"og:image\" content=\"https:\/\/fuecapilar.com\/wp-content\/uploads\/2018\/04\/trasplante-capilar-en-Turquia.jpg\" \/>\n\t<meta property=\"og:image:width\" content=\"1920\" \/>\n\t<meta property=\"og:image:height\" content=\"1280\" \/>\n\t<meta property=\"og:image:type\" content=\"image\/jpeg\" \/>\n<meta name=\"author\" content=\"fuecapilar\" \/>\n<meta name=\"twitter:card\" content=\"summary_large_image\" \/>\n<meta name=\"twitter:label1\" content=\"Escrito por\" \/>\n\t<meta name=\"twitter:data1\" content=\"fuecapilar\" \/>\n\t<meta name=\"twitter:label2\" content=\"Tiempo de lectura\" \/>\n\t<meta name=\"twitter:data2\" content=\"3 minutos\" \/>\n<script type=\"application\/ld+json\" class=\"yoast-schema-graph\">{\"@context\":\"https:\\\/\\\/schema.org\",\"@graph\":[{\"@type\":\"Article\",\"@id\":\"https:\\\/\\\/fuecapilar.com\\\/es\\\/paquetes-trasplante-capilar-turquia\\\/#article\",\"isPartOf\":{\"@id\":\"https:\\\/\\\/fuecapilar.com\\\/es\\\/paquetes-trasplante-capilar-turquia\\\/\"},\"author\":{\"name\":\"fuecapilar\",\"@id\":\"https:\\\/\\\/fuecapilar.com\\\/#\\\/schema\\\/person\\\/76e22a8dbc23e73c56c4e753c31c3b95\"},\"headline\":\"Paquetes de trasplante capilar en Turqu\u00eda\",\"datePublished\":\"2018-04-13T07:36:39+00:00\",\"dateModified\":\"2023-09-12T15:46:54+00:00\",\"mainEntityOfPage\":{\"@id\":\"https:\\\/\\\/fuecapilar.com\\\/es\\\/paquetes-trasplante-capilar-turquia\\\/\"},\"wordCount\":565,\"commentCount\":0,\"publisher\":{\"@id\":\"https:\\\/\\\/fuecapilar.com\\\/#organization\"},\"image\":{\"@id\":\"https:\\\/\\\/fuecapilar.com\\\/es\\\/paquetes-trasplante-capilar-turquia\\\/#primaryimage\"},\"thumbnailUrl\":\"https:\\\/\\\/fuecapilar.com\\\/wp-content\\\/uploads\\\/2018\\\/04\\\/trasplante-capilar-en-Turquia.jpg\",\"keywords\":[\"injerto capilar turquia\",\"tecnica fue\",\"trasplante capilar turquia\"],\"inLanguage\":\"es\",\"potentialAction\":[{\"@type\":\"CommentAction\",\"name\":\"Comment\",\"target\":[\"https:\\\/\\\/fuecapilar.com\\\/es\\\/paquetes-trasplante-capilar-turquia\\\/#respond\"]}]},{\"@type\":\"WebPage\",\"@id\":\"https:\\\/\\\/fuecapilar.com\\\/es\\\/paquetes-trasplante-capilar-turquia\\\/\",\"url\":\"https:\\\/\\\/fuecapilar.com\\\/es\\\/paquetes-trasplante-capilar-turquia\\\/\",\"name\":\"Paquetes de trasplante capilar en Turqu\u00eda - FUECAPILAR\",\"isPartOf\":{\"@id\":\"https:\\\/\\\/fuecapilar.com\\\/#website\"},\"primaryImageOfPage\":{\"@id\":\"https:\\\/\\\/fuecapilar.com\\\/es\\\/paquetes-trasplante-capilar-turquia\\\/#primaryimage\"},\"image\":{\"@id\":\"https:\\\/\\\/fuecapilar.com\\\/es\\\/paquetes-trasplante-capilar-turquia\\\/#primaryimage\"},\"thumbnailUrl\":\"https:\\\/\\\/fuecapilar.com\\\/wp-content\\\/uploads\\\/2018\\\/04\\\/trasplante-capilar-en-Turquia.jpg\",\"datePublished\":\"2018-04-13T07:36:39+00:00\",\"dateModified\":\"2023-09-12T15:46:54+00:00\",\"description\":\"Los paquetes de trasplante capilar en Turqu\u00eda incluyen una gran cantidad de servicios. Desde la intervenci\u00f3n en quir\u00f3fano y cuidados hasta el alojamiento\",\"breadcrumb\":{\"@id\":\"https:\\\/\\\/fuecapilar.com\\\/es\\\/paquetes-trasplante-capilar-turquia\\\/#breadcrumb\"},\"inLanguage\":\"es\",\"potentialAction\":[{\"@type\":\"ReadAction\",\"target\":[\"https:\\\/\\\/fuecapilar.com\\\/es\\\/paquetes-trasplante-capilar-turquia\\\/\"]}]},{\"@type\":\"ImageObject\",\"inLanguage\":\"es\",\"@id\":\"https:\\\/\\\/fuecapilar.com\\\/es\\\/paquetes-trasplante-capilar-turquia\\\/#primaryimage\",\"url\":\"https:\\\/\\\/fuecapilar.com\\\/wp-content\\\/uploads\\\/2018\\\/04\\\/trasplante-capilar-en-Turquia.jpg\",\"contentUrl\":\"https:\\\/\\\/fuecapilar.com\\\/wp-content\\\/uploads\\\/2018\\\/04\\\/trasplante-capilar-en-Turquia.jpg\",\"width\":1920,\"height\":1280},{\"@type\":\"BreadcrumbList\",\"@id\":\"https:\\\/\\\/fuecapilar.com\\\/es\\\/paquetes-trasplante-capilar-turquia\\\/#breadcrumb\",\"itemListElement\":[{\"@type\":\"ListItem\",\"position\":1,\"name\":\"Home\",\"item\":\"https:\\\/\\\/fuecapilar.com\\\/es\\\/\"},{\"@type\":\"ListItem\",\"position\":2,\"name\":\"Paquetes de trasplante capilar en Turqu\u00eda\"}]},{\"@type\":\"WebSite\",\"@id\":\"https:\\\/\\\/fuecapilar.com\\\/#website\",\"url\":\"https:\\\/\\\/fuecapilar.com\\\/\",\"name\":\"FUECAPILAR\",\"description\":\"Surgery performed by a surgeon\",\"publisher\":{\"@id\":\"https:\\\/\\\/fuecapilar.com\\\/#organization\"},\"potentialAction\":[{\"@type\":\"SearchAction\",\"target\":{\"@type\":\"EntryPoint\",\"urlTemplate\":\"https:\\\/\\\/fuecapilar.com\\\/?s={search_term_string}\"},\"query-input\":{\"@type\":\"PropertyValueSpecification\",\"valueRequired\":true,\"valueName\":\"search_term_string\"}}],\"inLanguage\":\"es\"},{\"@type\":\"Organization\",\"@id\":\"https:\\\/\\\/fuecapilar.com\\\/#organization\",\"name\":\"FUECAPILAR\",\"url\":\"https:\\\/\\\/fuecapilar.com\\\/\",\"logo\":{\"@type\":\"ImageObject\",\"inLanguage\":\"es\",\"@id\":\"https:\\\/\\\/fuecapilar.com\\\/#\\\/schema\\\/logo\\\/image\\\/\",\"url\":\"https:\\\/\\\/fuecapilar.com\\\/wp-content\\\/uploads\\\/2023\\\/04\\\/fuecapilar-logo.png\",\"contentUrl\":\"https:\\\/\\\/fuecapilar.com\\\/wp-content\\\/uploads\\\/2023\\\/04\\\/fuecapilar-logo.png\",\"width\":400,\"height\":85,\"caption\":\"FUECAPILAR\"},\"image\":{\"@id\":\"https:\\\/\\\/fuecapilar.com\\\/#\\\/schema\\\/logo\\\/image\\\/\"}},{\"@type\":\"Person\",\"@id\":\"https:\\\/\\\/fuecapilar.com\\\/#\\\/schema\\\/person\\\/76e22a8dbc23e73c56c4e753c31c3b95\",\"name\":\"fuecapilar\",\"image\":{\"@type\":\"ImageObject\",\"inLanguage\":\"es\",\"@id\":\"https:\\\/\\\/secure.gravatar.com\\\/avatar\\\/951a14ccd73caa77e3dbef5ef02f3eaebe8c9a193f5c7f80c0479a7b876d8440?s=96&d=mm&r=g\",\"url\":\"https:\\\/\\\/secure.gravatar.com\\\/avatar\\\/951a14ccd73caa77e3dbef5ef02f3eaebe8c9a193f5c7f80c0479a7b876d8440?s=96&d=mm&r=g\",\"contentUrl\":\"https:\\\/\\\/secure.gravatar.com\\\/avatar\\\/951a14ccd73caa77e3dbef5ef02f3eaebe8c9a193f5c7f80c0479a7b876d8440?s=96&d=mm&r=g\",\"caption\":\"fuecapilar\"},\"url\":\"https:\\\/\\\/fuecapilar.com\\\/es\\\/author\\\/fuecapilar\\\/\"}]}<\/script>\n<!-- \/ Yoast SEO plugin. -->","yoast_head_json":{"title":"Paquetes de trasplante capilar en Turqu\u00eda - FUECAPILAR","description":"Los paquetes de trasplante capilar en Turqu\u00eda incluyen una gran cantidad de servicios. Desde la intervenci\u00f3n en quir\u00f3fano y cuidados hasta el alojamiento","robots":{"index":"index","follow":"follow","max-snippet":"max-snippet:-1","max-image-preview":"max-image-preview:large","max-video-preview":"max-video-preview:-1"},"canonical":"https:\/\/fuecapilar.com\/es\/paquetes-trasplante-capilar-turquia\/","og_locale":"es_ES","og_type":"article","og_title":"Paquetes de trasplante capilar en Turqu\u00eda - FUECAPILAR","og_description":"Los paquetes de trasplante capilar en Turqu\u00eda incluyen una gran cantidad de servicios. Desde la intervenci\u00f3n en quir\u00f3fano y cuidados hasta el alojamiento","og_url":"https:\/\/fuecapilar.com\/es\/paquetes-trasplante-capilar-turquia\/","og_site_name":"FUECAPILAR","article_published_time":"2018-04-13T07:36:39+00:00","article_modified_time":"2023-09-12T15:46:54+00:00","og_image":[{"width":1920,"height":1280,"url":"https:\/\/fuecapilar.com\/wp-content\/uploads\/2018\/04\/trasplante-capilar-en-Turquia.jpg","type":"image\/jpeg"}],"author":"fuecapilar","twitter_card":"summary_large_image","twitter_misc":{"Escrito por":"fuecapilar","Tiempo de lectura":"3 minutos"},"schema":{"@context":"https:\/\/schema.org","@graph":[{"@type":"Article","@id":"https:\/\/fuecapilar.com\/es\/paquetes-trasplante-capilar-turquia\/#article","isPartOf":{"@id":"https:\/\/fuecapilar.com\/es\/paquetes-trasplante-capilar-turquia\/"},"author":{"name":"fuecapilar","@id":"https:\/\/fuecapilar.com\/#\/schema\/person\/76e22a8dbc23e73c56c4e753c31c3b95"},"headline":"Paquetes de trasplante capilar en Turqu\u00eda","datePublished":"2018-04-13T07:36:39+00:00","dateModified":"2023-09-12T15:46:54+00:00","mainEntityOfPage":{"@id":"https:\/\/fuecapilar.com\/es\/paquetes-trasplante-capilar-turquia\/"},"wordCount":565,"commentCount":0,"publisher":{"@id":"https:\/\/fuecapilar.com\/#organization"},"image":{"@id":"https:\/\/fuecapilar.com\/es\/paquetes-trasplante-capilar-turquia\/#primaryimage"},"thumbnailUrl":"https:\/\/fuecapilar.com\/wp-content\/uploads\/2018\/04\/trasplante-capilar-en-Turquia.jpg","keywords":["injerto capilar turquia","tecnica fue","trasplante capilar turquia"],"inLanguage":"es","potentialAction":[{"@type":"CommentAction","name":"Comment","target":["https:\/\/fuecapilar.com\/es\/paquetes-trasplante-capilar-turquia\/#respond"]}]},{"@type":"WebPage","@id":"https:\/\/fuecapilar.com\/es\/paquetes-trasplante-capilar-turquia\/","url":"https:\/\/fuecapilar.com\/es\/paquetes-trasplante-capilar-turquia\/","name":"Paquetes de trasplante capilar en Turqu\u00eda - FUECAPILAR","isPartOf":{"@id":"https:\/\/fuecapilar.com\/#website"},"primaryImageOfPage":{"@id":"https:\/\/fuecapilar.com\/es\/paquetes-trasplante-capilar-turquia\/#primaryimage"},"image":{"@id":"https:\/\/fuecapilar.com\/es\/paquetes-trasplante-capilar-turquia\/#primaryimage"},"thumbnailUrl":"https:\/\/fuecapilar.com\/wp-content\/uploads\/2018\/04\/trasplante-capilar-en-Turquia.jpg","datePublished":"2018-04-13T07:36:39+00:00","dateModified":"2023-09-12T15:46:54+00:00","description":"Los paquetes de trasplante capilar en Turqu\u00eda incluyen una gran cantidad de servicios. Desde la intervenci\u00f3n en quir\u00f3fano y cuidados hasta el alojamiento","breadcrumb":{"@id":"https:\/\/fuecapilar.com\/es\/paquetes-trasplante-capilar-turquia\/#breadcrumb"},"inLanguage":"es","potentialAction":[{"@type":"ReadAction","target":["https:\/\/fuecapilar.com\/es\/paquetes-trasplante-capilar-turquia\/"]}]},{"@type":"ImageObject","inLanguage":"es","@id":"https:\/\/fuecapilar.com\/es\/paquetes-trasplante-capilar-turquia\/#primaryimage","url":"https:\/\/fuecapilar.com\/wp-content\/uploads\/2018\/04\/trasplante-capilar-en-Turquia.jpg","contentUrl":"https:\/\/fuecapilar.com\/wp-content\/uploads\/2018\/04\/trasplante-capilar-en-Turquia.jpg","width":1920,"height":1280},{"@type":"BreadcrumbList","@id":"https:\/\/fuecapilar.com\/es\/paquetes-trasplante-capilar-turquia\/#breadcrumb","itemListElement":[{"@type":"ListItem","position":1,"name":"Home","item":"https:\/\/fuecapilar.com\/es\/"},{"@type":"ListItem","position":2,"name":"Paquetes de trasplante capilar en Turqu\u00eda"}]},{"@type":"WebSite","@id":"https:\/\/fuecapilar.com\/#website","url":"https:\/\/fuecapilar.com\/","name":"FUECAPILAR","description":"Surgery performed by a surgeon","publisher":{"@id":"https:\/\/fuecapilar.com\/#organization"},"potentialAction":[{"@type":"SearchAction","target":{"@type":"EntryPoint","urlTemplate":"https:\/\/fuecapilar.com\/?s={search_term_string}"},"query-input":{"@type":"PropertyValueSpecification","valueRequired":true,"valueName":"search_term_string"}}],"inLanguage":"es"},{"@type":"Organization","@id":"https:\/\/fuecapilar.com\/#organization","name":"FUECAPILAR","url":"https:\/\/fuecapilar.com\/","logo":{"@type":"ImageObject","inLanguage":"es","@id":"https:\/\/fuecapilar.com\/#\/schema\/logo\/image\/","url":"https:\/\/fuecapilar.com\/wp-content\/uploads\/2023\/04\/fuecapilar-logo.png","contentUrl":"https:\/\/fuecapilar.com\/wp-content\/uploads\/2023\/04\/fuecapilar-logo.png","width":400,"height":85,"caption":"FUECAPILAR"},"image":{"@id":"https:\/\/fuecapilar.com\/#\/schema\/logo\/image\/"}},{"@type":"Person","@id":"https:\/\/fuecapilar.com\/#\/schema\/person\/76e22a8dbc23e73c56c4e753c31c3b95","name":"fuecapilar","image":{"@type":"ImageObject","inLanguage":"es","@id":"https:\/\/secure.gravatar.com\/avatar\/951a14ccd73caa77e3dbef5ef02f3eaebe8c9a193f5c7f80c0479a7b876d8440?s=96&d=mm&r=g","url":"https:\/\/secure.gravatar.com\/avatar\/951a14ccd73caa77e3dbef5ef02f3eaebe8c9a193f5c7f80c0479a7b876d8440?s=96&d=mm&r=g","contentUrl":"https:\/\/secure.gravatar.com\/avatar\/951a14ccd73caa77e3dbef5ef02f3eaebe8c9a193f5c7f80c0479a7b876d8440?s=96&d=mm&r=g","caption":"fuecapilar"},"url":"https:\/\/fuecapilar.com\/es\/author\/fuecapilar\/"}]}},"_links":{"self":[{"href":"https:\/\/fuecapilar.com\/es\/wp-json\/wp\/v2\/posts\/2813","targetHints":{"allow":["GET"]}}],"collection":[{"href":"https:\/\/fuecapilar.com\/es\/wp-json\/wp\/v2\/posts"}],"about":[{"href":"https:\/\/fuecapilar.com\/es\/wp-json\/wp\/v2\/types\/post"}],"author":[{"embeddable":true,"href":"https:\/\/fuecapilar.com\/es\/wp-json\/wp\/v2\/users\/2"}],"replies":[{"embeddable":true,"href":"https:\/\/fuecapilar.com\/es\/wp-json\/wp\/v2\/comments?post=2813"}],"version-history":[{"count":2,"href":"https:\/\/fuecapilar.com\/es\/wp-json\/wp\/v2\/posts\/2813\/revisions"}],"predecessor-version":[{"id":3174,"href":"https:\/\/fuecapilar.com\/es\/wp-json\/wp\/v2\/posts\/2813\/revisions\/3174"}],"wp:featuredmedia":[{"embeddable":true,"href":"https:\/\/fuecapilar.com\/es\/wp-json\/wp\/v2\/media\/2814"}],"wp:attachment":[{"href":"https:\/\/fuecapilar.com\/es\/wp-json\/wp\/v2\/media?parent=2813"}],"wp:term":[{"taxonomy":"category","embeddable":true,"href":"https:\/\/fuecapilar.com\/es\/wp-json\/wp\/v2\/categories?post=2813"},{"taxonomy":"post_tag","embeddable":true,"href":"https:\/\/fuecapilar.com\/es\/wp-json\/wp\/v2\/tags?post=2813"}],"curies":[{"name":"wp","href":"https:\/\/api.w.org\/{rel}","templated":true}]}}