{"id":2837,"date":"2018-02-20T07:49:48","date_gmt":"2018-02-20T07:49:48","guid":{"rendered":"https:\/\/fuecapilar.com\/?p=1106"},"modified":"2023-09-12T15:51:44","modified_gmt":"2023-09-12T15:51:44","slug":"una-gran-opcion-injerto-capilar-en-turquia","status":"publish","type":"post","link":"https:\/\/fuecapilar.com\/es\/una-gran-opcion-injerto-capilar-en-turquia\/","title":{"rendered":"Una gran opci\u00f3n: injerto capilar en Turqu\u00eda"},"content":{"rendered":"<p>La <a href=\"https:\/\/fuecapilar.com\/problemas-psicologicos-la-alopecia\/\">alopecia <\/a>o calvicie androg\u00e9nica puede ser inevitable. Sabemos cu\u00e1nto puede afectar a tu autoestima. Sin embargo, debemos darte una buena noticia: hay soluci\u00f3n. El <strong>injerto capilar en Turqu\u00eda<\/strong> re\u00fane los mejores profesionales y m\u00e9todos para poder cambiar de apariencia f\u00edsica y devolvernos la confianza en nosotros mismos, gracias una mayor cantidad de cabello.<\/p>\n<p>En hombres, la calvicie afecta a gran parte de la poblaci\u00f3n, aunque no hay que subestimar la cifra de mujeres que experimentan p\u00e9rdida de cabello. Por lo general, aparece antes de los treinta a\u00f1os. Diversidad de causas pueden favorecer la p\u00e9rdida de cabello, aunque la principal viene por el <strong>factor gen\u00e9tico hereditario<\/strong>.<\/p>\n<p>La p\u00e9rdida de pelo sigue un patr\u00f3n caracter\u00edstico cuando es de tipo androg\u00e9nico, manifest\u00e1ndose una menor densidad de pelo en la parte frontal de la cabeza y en la coronilla.<\/p>\n<h2>Injerto capilar a precio econ\u00f3mico<\/h2>\n<p>Desde hace varios a\u00f1os, Turqu\u00eda se ha posicionado como uno de los <strong>pa\u00edses especializados en el trasplante capilar<\/strong>. Goza de <strong>equipos con profesionales sanitarios<\/strong> especializados de gran calidad y amplia experiencia. Las cl\u00ednicas cuentan con todo el equipo quir\u00fargico necesario para que las operaciones sean un \u00e9xito.<\/p>\n<p>En comparaci\u00f3n con Espa\u00f1a, los <strong>precios de estas operaciones son muy econ\u00f3micos<\/strong>, debido a las ayudas que concede el Gobierno para financiar y abaratar los costes de la operaci\u00f3n. Adem\u00e1s, el coste de vida en este pa\u00eds es notablemente inferior al nuestro.<\/p>\n<p>Estambul ya tiene m\u00e1s de 250 cl\u00ednicas especializadas en esta operaci\u00f3n. De hecho, est\u00e1n tan acostumbrados a recibir gente de nuestro pa\u00eds que, mayormente<strong>, anuncian <\/strong>sus servicios en <strong>nuestro idioma<\/strong>. Incluso, tienen tel\u00e9fonos y teleoperadores que se comunican en espa\u00f1ol para que pueda haber un primer contacto sencillo.<\/p>\n\n<div class=\"wpcf7 no-js\" id=\"wpcf7-f3128-o1\" lang=\"es-ES\" dir=\"ltr\" data-wpcf7-id=\"3128\">\n<div class=\"screen-reader-response\"><p role=\"status\" aria-live=\"polite\" aria-atomic=\"true\"><\/p> <ul><\/ul><\/div>\n<form action=\"\/es\/wp-json\/wp\/v2\/posts\/2837#wpcf7-f3128-o1\" method=\"post\" class=\"wpcf7-form init\" aria-label=\"Formulario de contacto\" novalidate=\"novalidate\" data-status=\"init\">\n<fieldset class=\"hidden-fields-container\"><input type=\"hidden\" name=\"_wpcf7\" value=\"3128\" \/><input type=\"hidden\" name=\"_wpcf7_version\" value=\"6.1.5\" \/><input type=\"hidden\" name=\"_wpcf7_locale\" value=\"es_ES\" \/><input type=\"hidden\" name=\"_wpcf7_unit_tag\" value=\"wpcf7-f3128-o1\" \/><input type=\"hidden\" name=\"_wpcf7_container_post\" value=\"0\" \/><input type=\"hidden\" name=\"_wpcf7_posted_data_hash\" value=\"\" \/>\n<\/fieldset>\n<div class=\"form-post\">\n\t<div class=\"form-post-titulo\">\n\t\t<p>Quiero recibir m\u00e1s informaci\u00f3n\n\t\t<\/p>\n\t<\/div>\n\t<div class=\"form-post-campos\">\n\t\t<div class=\"form-post-campo\">\n\t\t\t<p><span class=\"wpcf7-form-control-wrap\" data-name=\"your-name\"><input size=\"40\" maxlength=\"400\" class=\"wpcf7-form-control wpcf7-text wpcf7-validates-as-required\" aria-required=\"true\" aria-invalid=\"false\" placeholder=\"Nombree\" value=\"\" type=\"text\" name=\"your-name\" \/><\/span>\n\t\t\t<\/p>\n\t\t<\/div>\n\t\t<div class=\"form-post-campo\">\n\t\t\t<p><span class=\"wpcf7-form-control-wrap\" data-name=\"your-email\"><input size=\"40\" maxlength=\"400\" class=\"wpcf7-form-control wpcf7-email wpcf7-validates-as-required wpcf7-text wpcf7-validates-as-email\" aria-required=\"true\" aria-invalid=\"false\" placeholder=\"E-mail\" value=\"\" type=\"email\" name=\"your-email\" \/><\/span>\n\t\t\t<\/p>\n\t\t<\/div>\n\t\t<div class=\"form-post-campo\">\n\t\t\t<p><span class=\"wpcf7-form-control-wrap\" data-name=\"telefono\"><input size=\"40\" maxlength=\"400\" class=\"wpcf7-form-control wpcf7-tel wpcf7-validates-as-required wpcf7-text wpcf7-validates-as-tel\" aria-required=\"true\" aria-invalid=\"false\" placeholder=\"Tel\u00e9fono\" value=\"\" type=\"tel\" name=\"telefono\" \/><\/span>\n\t\t\t<\/p>\n\t\t<\/div>\n\t\t<div class=\"form-post-boton\">\n\t\t\t<p><input class=\"wpcf7-form-control wpcf7-submit has-spinner\" type=\"submit\" value=\"Enviar\" \/>\n\t\t\t<\/p>\n\t\t<\/div>\n\t<\/div>\n\t<div class=\"clear\">\n\t<\/div>\n\t<div class=\"form-post-politica\">\n\t\t<div>\n\t\t\t<p><span class=\"wpcf7-form-control-wrap\" data-name=\"acceptance-498\"><span class=\"wpcf7-form-control wpcf7-acceptance\"><span class=\"wpcf7-list-item\"><input type=\"checkbox\" name=\"acceptance-498\" value=\"1\" aria-invalid=\"false\" \/><\/span><\/span><\/span>\n\t\t\t<\/p>\n\t\t<\/div>\n\t\t<div>\n\t\t\t<p>He le\u00eddo la <a href=\"https:\/\/www.fuecapilar.com\/privacy-policy\/\">pol\u00edtica de privacidad<\/a>\n\t\t\t<\/p>\n\t\t<\/div>\n\t<\/div>\n<\/div><div class=\"wpcf7-response-output\" aria-hidden=\"true\"><\/div>\n<\/form>\n<\/div>\n\n<p>La<strong> t\u00e9cnica FUE <\/strong>es la m\u00e1s usada y una de las m\u00e1s avanzadas. Redistribuye los fol\u00edculos pilosos de tu cuero cabelludo de las zonas m\u00e1s pobladas a las zonas donde hay menos pelo. Cada injerto se realiza fol\u00edculo a fol\u00edculo. En Espa\u00f1a se suele realizar, como m\u00e1ximo, un trasplante de 2000 fol\u00edculos, mientras que muchas <strong>cl\u00ednicas de Turqu\u00eda <\/strong>llegan a los<strong> 5000 injertos por operaci\u00f3n<\/strong>.<\/p>\n<p>Los <strong>seguimientos <\/strong>se realizan siempre de manera<strong> personalizada <\/strong>y gracias a la tecnolog\u00eda podr\u00e1s comunicarte, ya sea por tel\u00e9fono o por Internet. De esta forma, te permitir\u00e1n resolver dudas despu\u00e9s del <strong>injerto capilar en Turqu\u00eda<\/strong> con los especialistas que han llevado tu caso.<\/p>\n<h3>Devolviendo tu sonrisa con el injerto capilar en Turqu\u00eda<\/h3>\n<p>Espa\u00f1a no tiene nada que envidiar al pa\u00eds turco. Sin embargo, hay <strong>numerosos planes flexibles y paquetes<\/strong> que permiten una gran accesibilidad a este tipo de operaci\u00f3n. M\u00e1s bien, incluye traslados de aeropuerto a hoteles de cinco estrellas, desayunos, traductor de viaje, entre otros servicios, que convierten una visita sanitaria en un viaje de turismo.<\/p>\n<p>Recuerda que, sin duda, mejorar tu calidad de vida no tiene ning\u00fan precio. Tu autoestima va a ser, en muchas ocasiones, tu carta de presentaci\u00f3n. As\u00ed, es totalmente sensato cuidar tu <strong>autoconfianza <\/strong>como parte de tu <strong>salud <\/strong>y <strong>bienestar<\/strong>. Si sufres p\u00e9rdidas de cabello descontroladas y decides dar el cambio, d\u00e9jate en manos de los mejores especialistas para tu <strong>injerto capilar en Turqu\u00eda<\/strong>.<\/p>\n","protected":false},"excerpt":{"rendered":"<p>La alopecia o calvicie androg\u00e9nica puede ser inevitable. Sabemos cu\u00e1nto puede afectar a tu autoestima. Sin embargo, debemos darte una buena noticia: hay soluci\u00f3n. El injerto capilar en Turqu\u00eda re\u00fane los mejores profesionales y m\u00e9todos para poder cambiar de apariencia f\u00edsica y devolvernos la confianza en nosotros mismos, gracias una mayor cantidad de cabello. En [&hellip;]<\/p>\n","protected":false},"author":2,"featured_media":2838,"comment_status":"open","ping_status":"open","sticky":false,"template":"","format":"standard","meta":{"site-sidebar-layout":"default","site-content-layout":"default","ast-site-content-layout":"","site-content-style":"default","site-sidebar-style":"default","ast-global-header-display":"","ast-banner-title-visibility":"","ast-main-header-display":"","ast-hfb-above-header-display":"","ast-hfb-below-header-display":"","ast-hfb-mobile-header-display":"","site-post-title":"","ast-breadcrumbs-content":"","ast-featured-img":"","footer-sml-layout":"","theme-transparent-header-meta":"default","adv-header-id-meta":"","stick-header-meta":"","header-above-stick-meta":"","header-main-stick-meta":"","header-below-stick-meta":"","astra-migrate-meta-layouts":"default","ast-page-background-enabled":"default","ast-page-background-meta":{"desktop":{"background-color":"var(--ast-global-color-4)","background-image":"","background-repeat":"repeat","background-position":"center center","background-size":"auto","background-attachment":"scroll","background-type":"","background-media":"","overlay-type":"","overlay-color":"","overlay-opacity":"","overlay-gradient":""},"tablet":{"background-color":"","background-image":"","background-repeat":"repeat","background-position":"center center","background-size":"auto","background-attachment":"scroll","background-type":"","background-media":"","overlay-type":"","overlay-color":"","overlay-opacity":"","overlay-gradient":""},"mobile":{"background-color":"","background-image":"","background-repeat":"repeat","background-position":"center center","background-size":"auto","background-attachment":"scroll","background-type":"","background-media":"","overlay-type":"","overlay-color":"","overlay-opacity":"","overlay-gradient":""}},"ast-content-background-meta":{"desktop":{"background-color":"var(--ast-global-color-5)","background-image":"","background-repeat":"repeat","background-position":"center center","background-size":"auto","background-attachment":"scroll","background-type":"","background-media":"","overlay-type":"","overlay-color":"","overlay-opacity":"","overlay-gradient":""},"tablet":{"background-color":"var(--ast-global-color-5)","background-image":"","background-repeat":"repeat","background-position":"center center","background-size":"auto","background-attachment":"scroll","background-type":"","background-media":"","overlay-type":"","overlay-color":"","overlay-opacity":"","overlay-gradient":""},"mobile":{"background-color":"var(--ast-global-color-5)","background-image":"","background-repeat":"repeat","background-position":"center center","background-size":"auto","background-attachment":"scroll","background-type":"","background-media":"","overlay-type":"","overlay-color":"","overlay-opacity":"","overlay-gradient":""}},"footnotes":""},"categories":[],"tags":[122,114],"class_list":["post-2837","post","type-post","status-publish","format-standard","has-post-thumbnail","hentry","tag-injerto-capilar-precio","tag-injerto-capilar-turquia"],"yoast_head":"<!-- This site is optimized with the Yoast SEO plugin v27.4 - https:\/\/yoast.com\/product\/yoast-seo-wordpress\/ -->\n<title>Una gran opci\u00f3n: injerto capilar en Turqu\u00eda - FUECAPILAR<\/title>\n<meta name=\"description\" content=\"El injerto capilar en Turqu\u00eda est\u00e1 en auge. Ahora, las cl\u00ednicas m\u00e1s especializadas tratan a personas de Espa\u00f1a a precios muy econ\u00f3micos y gran calidad.\" \/>\n<meta name=\"robots\" content=\"index, follow, max-snippet:-1, max-image-preview:large, max-video-preview:-1\" \/>\n<link rel=\"canonical\" href=\"https:\/\/fuecapilar.com\/es\/una-gran-opcion-injerto-capilar-en-turquia\/\" \/>\n<meta property=\"og:locale\" content=\"es_ES\" \/>\n<meta property=\"og:type\" content=\"article\" \/>\n<meta property=\"og:title\" content=\"Una gran opci\u00f3n: injerto capilar en Turqu\u00eda - FUECAPILAR\" \/>\n<meta property=\"og:description\" content=\"El injerto capilar en Turqu\u00eda est\u00e1 en auge. Ahora, las cl\u00ednicas m\u00e1s especializadas tratan a personas de Espa\u00f1a a precios muy econ\u00f3micos y gran calidad.\" \/>\n<meta property=\"og:url\" content=\"https:\/\/fuecapilar.com\/es\/una-gran-opcion-injerto-capilar-en-turquia\/\" \/>\n<meta property=\"og:site_name\" content=\"FUECAPILAR\" \/>\n<meta property=\"article:published_time\" content=\"2018-02-20T07:49:48+00:00\" \/>\n<meta property=\"article:modified_time\" content=\"2023-09-12T15:51:44+00:00\" \/>\n<meta property=\"og:image\" content=\"https:\/\/fuecapilar.com\/wp-content\/uploads\/2018\/02\/injerto-capilar-en-Turquia.jpg\" \/>\n\t<meta property=\"og:image:width\" content=\"769\" \/>\n\t<meta property=\"og:image:height\" content=\"418\" \/>\n\t<meta property=\"og:image:type\" content=\"image\/jpeg\" \/>\n<meta name=\"author\" content=\"fuecapilar\" \/>\n<meta name=\"twitter:card\" content=\"summary_large_image\" \/>\n<meta name=\"twitter:label1\" content=\"Escrito por\" \/>\n\t<meta name=\"twitter:data1\" content=\"fuecapilar\" \/>\n\t<meta name=\"twitter:label2\" content=\"Tiempo de lectura\" \/>\n\t<meta name=\"twitter:data2\" content=\"3 minutos\" \/>\n<script type=\"application\/ld+json\" class=\"yoast-schema-graph\">{\"@context\":\"https:\\\/\\\/schema.org\",\"@graph\":[{\"@type\":\"Article\",\"@id\":\"https:\\\/\\\/fuecapilar.com\\\/es\\\/una-gran-opcion-injerto-capilar-en-turquia\\\/#article\",\"isPartOf\":{\"@id\":\"https:\\\/\\\/fuecapilar.com\\\/es\\\/una-gran-opcion-injerto-capilar-en-turquia\\\/\"},\"author\":{\"name\":\"fuecapilar\",\"@id\":\"https:\\\/\\\/fuecapilar.com\\\/#\\\/schema\\\/person\\\/76e22a8dbc23e73c56c4e753c31c3b95\"},\"headline\":\"Una gran opci\u00f3n: injerto capilar en Turqu\u00eda\",\"datePublished\":\"2018-02-20T07:49:48+00:00\",\"dateModified\":\"2023-09-12T15:51:44+00:00\",\"mainEntityOfPage\":{\"@id\":\"https:\\\/\\\/fuecapilar.com\\\/es\\\/una-gran-opcion-injerto-capilar-en-turquia\\\/\"},\"wordCount\":589,\"commentCount\":0,\"publisher\":{\"@id\":\"https:\\\/\\\/fuecapilar.com\\\/#organization\"},\"image\":{\"@id\":\"https:\\\/\\\/fuecapilar.com\\\/es\\\/una-gran-opcion-injerto-capilar-en-turquia\\\/#primaryimage\"},\"thumbnailUrl\":\"https:\\\/\\\/fuecapilar.com\\\/wp-content\\\/uploads\\\/2018\\\/02\\\/injerto-capilar-en-Turquia.jpg\",\"keywords\":[\"injerto capilar precio\",\"injerto capilar turquia\"],\"inLanguage\":\"es\",\"potentialAction\":[{\"@type\":\"CommentAction\",\"name\":\"Comment\",\"target\":[\"https:\\\/\\\/fuecapilar.com\\\/es\\\/una-gran-opcion-injerto-capilar-en-turquia\\\/#respond\"]}]},{\"@type\":\"WebPage\",\"@id\":\"https:\\\/\\\/fuecapilar.com\\\/es\\\/una-gran-opcion-injerto-capilar-en-turquia\\\/\",\"url\":\"https:\\\/\\\/fuecapilar.com\\\/es\\\/una-gran-opcion-injerto-capilar-en-turquia\\\/\",\"name\":\"Una gran opci\u00f3n: injerto capilar en Turqu\u00eda - FUECAPILAR\",\"isPartOf\":{\"@id\":\"https:\\\/\\\/fuecapilar.com\\\/#website\"},\"primaryImageOfPage\":{\"@id\":\"https:\\\/\\\/fuecapilar.com\\\/es\\\/una-gran-opcion-injerto-capilar-en-turquia\\\/#primaryimage\"},\"image\":{\"@id\":\"https:\\\/\\\/fuecapilar.com\\\/es\\\/una-gran-opcion-injerto-capilar-en-turquia\\\/#primaryimage\"},\"thumbnailUrl\":\"https:\\\/\\\/fuecapilar.com\\\/wp-content\\\/uploads\\\/2018\\\/02\\\/injerto-capilar-en-Turquia.jpg\",\"datePublished\":\"2018-02-20T07:49:48+00:00\",\"dateModified\":\"2023-09-12T15:51:44+00:00\",\"description\":\"El injerto capilar en Turqu\u00eda est\u00e1 en auge. Ahora, las cl\u00ednicas m\u00e1s especializadas tratan a personas de Espa\u00f1a a precios muy econ\u00f3micos y gran calidad.\",\"breadcrumb\":{\"@id\":\"https:\\\/\\\/fuecapilar.com\\\/es\\\/una-gran-opcion-injerto-capilar-en-turquia\\\/#breadcrumb\"},\"inLanguage\":\"es\",\"potentialAction\":[{\"@type\":\"ReadAction\",\"target\":[\"https:\\\/\\\/fuecapilar.com\\\/es\\\/una-gran-opcion-injerto-capilar-en-turquia\\\/\"]}]},{\"@type\":\"ImageObject\",\"inLanguage\":\"es\",\"@id\":\"https:\\\/\\\/fuecapilar.com\\\/es\\\/una-gran-opcion-injerto-capilar-en-turquia\\\/#primaryimage\",\"url\":\"https:\\\/\\\/fuecapilar.com\\\/wp-content\\\/uploads\\\/2018\\\/02\\\/injerto-capilar-en-Turquia.jpg\",\"contentUrl\":\"https:\\\/\\\/fuecapilar.com\\\/wp-content\\\/uploads\\\/2018\\\/02\\\/injerto-capilar-en-Turquia.jpg\",\"width\":769,\"height\":418},{\"@type\":\"BreadcrumbList\",\"@id\":\"https:\\\/\\\/fuecapilar.com\\\/es\\\/una-gran-opcion-injerto-capilar-en-turquia\\\/#breadcrumb\",\"itemListElement\":[{\"@type\":\"ListItem\",\"position\":1,\"name\":\"Home\",\"item\":\"https:\\\/\\\/fuecapilar.com\\\/es\\\/\"},{\"@type\":\"ListItem\",\"position\":2,\"name\":\"Una gran opci\u00f3n: injerto capilar en Turqu\u00eda\"}]},{\"@type\":\"WebSite\",\"@id\":\"https:\\\/\\\/fuecapilar.com\\\/#website\",\"url\":\"https:\\\/\\\/fuecapilar.com\\\/\",\"name\":\"FUECAPILAR\",\"description\":\"Surgery performed by a surgeon\",\"publisher\":{\"@id\":\"https:\\\/\\\/fuecapilar.com\\\/#organization\"},\"potentialAction\":[{\"@type\":\"SearchAction\",\"target\":{\"@type\":\"EntryPoint\",\"urlTemplate\":\"https:\\\/\\\/fuecapilar.com\\\/?s={search_term_string}\"},\"query-input\":{\"@type\":\"PropertyValueSpecification\",\"valueRequired\":true,\"valueName\":\"search_term_string\"}}],\"inLanguage\":\"es\"},{\"@type\":\"Organization\",\"@id\":\"https:\\\/\\\/fuecapilar.com\\\/#organization\",\"name\":\"FUECAPILAR\",\"url\":\"https:\\\/\\\/fuecapilar.com\\\/\",\"logo\":{\"@type\":\"ImageObject\",\"inLanguage\":\"es\",\"@id\":\"https:\\\/\\\/fuecapilar.com\\\/#\\\/schema\\\/logo\\\/image\\\/\",\"url\":\"https:\\\/\\\/fuecapilar.com\\\/wp-content\\\/uploads\\\/2023\\\/04\\\/fuecapilar-logo.png\",\"contentUrl\":\"https:\\\/\\\/fuecapilar.com\\\/wp-content\\\/uploads\\\/2023\\\/04\\\/fuecapilar-logo.png\",\"width\":400,\"height\":85,\"caption\":\"FUECAPILAR\"},\"image\":{\"@id\":\"https:\\\/\\\/fuecapilar.com\\\/#\\\/schema\\\/logo\\\/image\\\/\"}},{\"@type\":\"Person\",\"@id\":\"https:\\\/\\\/fuecapilar.com\\\/#\\\/schema\\\/person\\\/76e22a8dbc23e73c56c4e753c31c3b95\",\"name\":\"fuecapilar\",\"image\":{\"@type\":\"ImageObject\",\"inLanguage\":\"es\",\"@id\":\"https:\\\/\\\/secure.gravatar.com\\\/avatar\\\/951a14ccd73caa77e3dbef5ef02f3eaebe8c9a193f5c7f80c0479a7b876d8440?s=96&d=mm&r=g\",\"url\":\"https:\\\/\\\/secure.gravatar.com\\\/avatar\\\/951a14ccd73caa77e3dbef5ef02f3eaebe8c9a193f5c7f80c0479a7b876d8440?s=96&d=mm&r=g\",\"contentUrl\":\"https:\\\/\\\/secure.gravatar.com\\\/avatar\\\/951a14ccd73caa77e3dbef5ef02f3eaebe8c9a193f5c7f80c0479a7b876d8440?s=96&d=mm&r=g\",\"caption\":\"fuecapilar\"},\"url\":\"https:\\\/\\\/fuecapilar.com\\\/es\\\/author\\\/fuecapilar\\\/\"}]}<\/script>\n<!-- \/ Yoast SEO plugin. -->","yoast_head_json":{"title":"Una gran opci\u00f3n: injerto capilar en Turqu\u00eda - FUECAPILAR","description":"El injerto capilar en Turqu\u00eda est\u00e1 en auge. Ahora, las cl\u00ednicas m\u00e1s especializadas tratan a personas de Espa\u00f1a a precios muy econ\u00f3micos y gran calidad.","robots":{"index":"index","follow":"follow","max-snippet":"max-snippet:-1","max-image-preview":"max-image-preview:large","max-video-preview":"max-video-preview:-1"},"canonical":"https:\/\/fuecapilar.com\/es\/una-gran-opcion-injerto-capilar-en-turquia\/","og_locale":"es_ES","og_type":"article","og_title":"Una gran opci\u00f3n: injerto capilar en Turqu\u00eda - FUECAPILAR","og_description":"El injerto capilar en Turqu\u00eda est\u00e1 en auge. Ahora, las cl\u00ednicas m\u00e1s especializadas tratan a personas de Espa\u00f1a a precios muy econ\u00f3micos y gran calidad.","og_url":"https:\/\/fuecapilar.com\/es\/una-gran-opcion-injerto-capilar-en-turquia\/","og_site_name":"FUECAPILAR","article_published_time":"2018-02-20T07:49:48+00:00","article_modified_time":"2023-09-12T15:51:44+00:00","og_image":[{"width":769,"height":418,"url":"https:\/\/fuecapilar.com\/wp-content\/uploads\/2018\/02\/injerto-capilar-en-Turquia.jpg","type":"image\/jpeg"}],"author":"fuecapilar","twitter_card":"summary_large_image","twitter_misc":{"Escrito por":"fuecapilar","Tiempo de lectura":"3 minutos"},"schema":{"@context":"https:\/\/schema.org","@graph":[{"@type":"Article","@id":"https:\/\/fuecapilar.com\/es\/una-gran-opcion-injerto-capilar-en-turquia\/#article","isPartOf":{"@id":"https:\/\/fuecapilar.com\/es\/una-gran-opcion-injerto-capilar-en-turquia\/"},"author":{"name":"fuecapilar","@id":"https:\/\/fuecapilar.com\/#\/schema\/person\/76e22a8dbc23e73c56c4e753c31c3b95"},"headline":"Una gran opci\u00f3n: injerto capilar en Turqu\u00eda","datePublished":"2018-02-20T07:49:48+00:00","dateModified":"2023-09-12T15:51:44+00:00","mainEntityOfPage":{"@id":"https:\/\/fuecapilar.com\/es\/una-gran-opcion-injerto-capilar-en-turquia\/"},"wordCount":589,"commentCount":0,"publisher":{"@id":"https:\/\/fuecapilar.com\/#organization"},"image":{"@id":"https:\/\/fuecapilar.com\/es\/una-gran-opcion-injerto-capilar-en-turquia\/#primaryimage"},"thumbnailUrl":"https:\/\/fuecapilar.com\/wp-content\/uploads\/2018\/02\/injerto-capilar-en-Turquia.jpg","keywords":["injerto capilar precio","injerto capilar turquia"],"inLanguage":"es","potentialAction":[{"@type":"CommentAction","name":"Comment","target":["https:\/\/fuecapilar.com\/es\/una-gran-opcion-injerto-capilar-en-turquia\/#respond"]}]},{"@type":"WebPage","@id":"https:\/\/fuecapilar.com\/es\/una-gran-opcion-injerto-capilar-en-turquia\/","url":"https:\/\/fuecapilar.com\/es\/una-gran-opcion-injerto-capilar-en-turquia\/","name":"Una gran opci\u00f3n: injerto capilar en Turqu\u00eda - FUECAPILAR","isPartOf":{"@id":"https:\/\/fuecapilar.com\/#website"},"primaryImageOfPage":{"@id":"https:\/\/fuecapilar.com\/es\/una-gran-opcion-injerto-capilar-en-turquia\/#primaryimage"},"image":{"@id":"https:\/\/fuecapilar.com\/es\/una-gran-opcion-injerto-capilar-en-turquia\/#primaryimage"},"thumbnailUrl":"https:\/\/fuecapilar.com\/wp-content\/uploads\/2018\/02\/injerto-capilar-en-Turquia.jpg","datePublished":"2018-02-20T07:49:48+00:00","dateModified":"2023-09-12T15:51:44+00:00","description":"El injerto capilar en Turqu\u00eda est\u00e1 en auge. Ahora, las cl\u00ednicas m\u00e1s especializadas tratan a personas de Espa\u00f1a a precios muy econ\u00f3micos y gran calidad.","breadcrumb":{"@id":"https:\/\/fuecapilar.com\/es\/una-gran-opcion-injerto-capilar-en-turquia\/#breadcrumb"},"inLanguage":"es","potentialAction":[{"@type":"ReadAction","target":["https:\/\/fuecapilar.com\/es\/una-gran-opcion-injerto-capilar-en-turquia\/"]}]},{"@type":"ImageObject","inLanguage":"es","@id":"https:\/\/fuecapilar.com\/es\/una-gran-opcion-injerto-capilar-en-turquia\/#primaryimage","url":"https:\/\/fuecapilar.com\/wp-content\/uploads\/2018\/02\/injerto-capilar-en-Turquia.jpg","contentUrl":"https:\/\/fuecapilar.com\/wp-content\/uploads\/2018\/02\/injerto-capilar-en-Turquia.jpg","width":769,"height":418},{"@type":"BreadcrumbList","@id":"https:\/\/fuecapilar.com\/es\/una-gran-opcion-injerto-capilar-en-turquia\/#breadcrumb","itemListElement":[{"@type":"ListItem","position":1,"name":"Home","item":"https:\/\/fuecapilar.com\/es\/"},{"@type":"ListItem","position":2,"name":"Una gran opci\u00f3n: injerto capilar en Turqu\u00eda"}]},{"@type":"WebSite","@id":"https:\/\/fuecapilar.com\/#website","url":"https:\/\/fuecapilar.com\/","name":"FUECAPILAR","description":"Surgery performed by a surgeon","publisher":{"@id":"https:\/\/fuecapilar.com\/#organization"},"potentialAction":[{"@type":"SearchAction","target":{"@type":"EntryPoint","urlTemplate":"https:\/\/fuecapilar.com\/?s={search_term_string}"},"query-input":{"@type":"PropertyValueSpecification","valueRequired":true,"valueName":"search_term_string"}}],"inLanguage":"es"},{"@type":"Organization","@id":"https:\/\/fuecapilar.com\/#organization","name":"FUECAPILAR","url":"https:\/\/fuecapilar.com\/","logo":{"@type":"ImageObject","inLanguage":"es","@id":"https:\/\/fuecapilar.com\/#\/schema\/logo\/image\/","url":"https:\/\/fuecapilar.com\/wp-content\/uploads\/2023\/04\/fuecapilar-logo.png","contentUrl":"https:\/\/fuecapilar.com\/wp-content\/uploads\/2023\/04\/fuecapilar-logo.png","width":400,"height":85,"caption":"FUECAPILAR"},"image":{"@id":"https:\/\/fuecapilar.com\/#\/schema\/logo\/image\/"}},{"@type":"Person","@id":"https:\/\/fuecapilar.com\/#\/schema\/person\/76e22a8dbc23e73c56c4e753c31c3b95","name":"fuecapilar","image":{"@type":"ImageObject","inLanguage":"es","@id":"https:\/\/secure.gravatar.com\/avatar\/951a14ccd73caa77e3dbef5ef02f3eaebe8c9a193f5c7f80c0479a7b876d8440?s=96&d=mm&r=g","url":"https:\/\/secure.gravatar.com\/avatar\/951a14ccd73caa77e3dbef5ef02f3eaebe8c9a193f5c7f80c0479a7b876d8440?s=96&d=mm&r=g","contentUrl":"https:\/\/secure.gravatar.com\/avatar\/951a14ccd73caa77e3dbef5ef02f3eaebe8c9a193f5c7f80c0479a7b876d8440?s=96&d=mm&r=g","caption":"fuecapilar"},"url":"https:\/\/fuecapilar.com\/es\/author\/fuecapilar\/"}]}},"_links":{"self":[{"href":"https:\/\/fuecapilar.com\/es\/wp-json\/wp\/v2\/posts\/2837","targetHints":{"allow":["GET"]}}],"collection":[{"href":"https:\/\/fuecapilar.com\/es\/wp-json\/wp\/v2\/posts"}],"about":[{"href":"https:\/\/fuecapilar.com\/es\/wp-json\/wp\/v2\/types\/post"}],"author":[{"embeddable":true,"href":"https:\/\/fuecapilar.com\/es\/wp-json\/wp\/v2\/users\/2"}],"replies":[{"embeddable":true,"href":"https:\/\/fuecapilar.com\/es\/wp-json\/wp\/v2\/comments?post=2837"}],"version-history":[{"count":1,"href":"https:\/\/fuecapilar.com\/es\/wp-json\/wp\/v2\/posts\/2837\/revisions"}],"predecessor-version":[{"id":3178,"href":"https:\/\/fuecapilar.com\/es\/wp-json\/wp\/v2\/posts\/2837\/revisions\/3178"}],"wp:featuredmedia":[{"embeddable":true,"href":"https:\/\/fuecapilar.com\/es\/wp-json\/wp\/v2\/media\/2838"}],"wp:attachment":[{"href":"https:\/\/fuecapilar.com\/es\/wp-json\/wp\/v2\/media?parent=2837"}],"wp:term":[{"taxonomy":"category","embeddable":true,"href":"https:\/\/fuecapilar.com\/es\/wp-json\/wp\/v2\/categories?post=2837"},{"taxonomy":"post_tag","embeddable":true,"href":"https:\/\/fuecapilar.com\/es\/wp-json\/wp\/v2\/tags?post=2837"}],"curies":[{"name":"wp","href":"https:\/\/api.w.org\/{rel}","templated":true}]}}