{"id":2850,"date":"2018-02-12T07:35:16","date_gmt":"2018-02-12T07:35:16","guid":{"rendered":"https:\/\/fuecapilar.com\/?p=1097"},"modified":"2023-09-12T15:52:28","modified_gmt":"2023-09-12T15:52:28","slug":"problemas-psicologicos-la-alopecia","status":"publish","type":"post","link":"https:\/\/fuecapilar.com\/es\/problemas-psicologicos-la-alopecia\/","title":{"rendered":"Problemas psicol\u00f3gicos por la alopecia"},"content":{"rendered":"<p>La <strong>alopecia<\/strong> puede generar una serie de problemas psicol\u00f3gicos para quien la padece, en especial en los casos precoces y que est\u00e1n asociados a determinadas circunstancias de g\u00e9nero. Este es el motivo por el que t\u00e9cnicas como el <strong>microinjerto capilar<\/strong> son aconsejables para que una persona se sienta bien con su imagen.<\/p>\n<p>En este art\u00edculo vamos a indicar las <strong>consecuencias psicol\u00f3gicas<\/strong> que tiene la alopecia en hombres y mujeres y proponemos alternativas para evitarlas.<\/p>\n<h2>Problemas psicol\u00f3gicos por la alopecia<\/h2>\n<p>Fundamentalmente, las causas de la <strong>alopecia <\/strong>est\u00e1n relacionadas con la predisposici\u00f3n gen\u00e9tica, pero tambi\u00e9n con la contaminaci\u00f3n, el estilo de vida, la alimentaci\u00f3n o la utilizaci\u00f3n de productos de higiene inadecuados. Tambi\u00e9n hay que destacar el exceso de testosterona en algunos casos.<\/p>\n<p>Los problemas psicol\u00f3gicos asociados a la alopecia tienen una consideraci\u00f3n multidisciplinar porque inciden en la persona, pero tambi\u00e9n en su proyecci\u00f3n. Hay una serie de \u00edtems relacionados que te conviene conocer.<\/p>\n<h3>Autoestima<\/h3>\n<p>El problema m\u00e1s grave de la alopecia est\u00e9 asociado a la<strong> autoestima<\/strong>. A mucha gente no le gusta perder el cabello antes de tiempo porque siente que envejece de forma prematura, as\u00ed que en este caso conviene se\u00f1alar la importancia de la proyecci\u00f3n hacia el exterior. Hoy es habitual encontrar a una persona de 30 a\u00f1os sin pelo, cuando antes solo se daba esto por transmisi\u00f3n hereditaria.<\/p>\n<h3>Est\u00e9tica<\/h3>\n<p>Por otra parte, a una persona le gusta poder <strong>modelar su imagen <\/strong>de forma que vaya acorde con el cabello y, en determinados casos, se considera la falta de este como un elemento <strong>antiest\u00e9tico<\/strong>. Esta circunstancia es m\u00e1s com\u00fan en las mujeres que en los hombres puesto que la calvicie tiene menor aceptaci\u00f3n, aunque se da en ambos sexos. Aunque existe la posibilidad de utilizar las pelucas, estas tienen una efectividad limitada.<\/p>\n\n<div class=\"wpcf7 no-js\" id=\"wpcf7-f3128-o1\" lang=\"es-ES\" dir=\"ltr\" data-wpcf7-id=\"3128\">\n<div class=\"screen-reader-response\"><p role=\"status\" aria-live=\"polite\" aria-atomic=\"true\"><\/p> <ul><\/ul><\/div>\n<form action=\"\/es\/wp-json\/wp\/v2\/posts\/2850#wpcf7-f3128-o1\" method=\"post\" class=\"wpcf7-form init\" aria-label=\"Formulario de contacto\" novalidate=\"novalidate\" data-status=\"init\">\n<fieldset class=\"hidden-fields-container\"><input type=\"hidden\" name=\"_wpcf7\" value=\"3128\" \/><input type=\"hidden\" name=\"_wpcf7_version\" value=\"6.1.5\" \/><input type=\"hidden\" name=\"_wpcf7_locale\" value=\"es_ES\" \/><input type=\"hidden\" name=\"_wpcf7_unit_tag\" value=\"wpcf7-f3128-o1\" \/><input type=\"hidden\" name=\"_wpcf7_container_post\" value=\"0\" \/><input type=\"hidden\" name=\"_wpcf7_posted_data_hash\" value=\"\" \/>\n<\/fieldset>\n<div class=\"form-post\">\n\t<div class=\"form-post-titulo\">\n\t\t<p>Quiero recibir m\u00e1s informaci\u00f3n\n\t\t<\/p>\n\t<\/div>\n\t<div class=\"form-post-campos\">\n\t\t<div class=\"form-post-campo\">\n\t\t\t<p><span class=\"wpcf7-form-control-wrap\" data-name=\"your-name\"><input size=\"40\" maxlength=\"400\" class=\"wpcf7-form-control wpcf7-text wpcf7-validates-as-required\" aria-required=\"true\" aria-invalid=\"false\" placeholder=\"Nombree\" value=\"\" type=\"text\" name=\"your-name\" \/><\/span>\n\t\t\t<\/p>\n\t\t<\/div>\n\t\t<div class=\"form-post-campo\">\n\t\t\t<p><span class=\"wpcf7-form-control-wrap\" data-name=\"your-email\"><input size=\"40\" maxlength=\"400\" class=\"wpcf7-form-control wpcf7-email wpcf7-validates-as-required wpcf7-text wpcf7-validates-as-email\" aria-required=\"true\" aria-invalid=\"false\" placeholder=\"E-mail\" value=\"\" type=\"email\" name=\"your-email\" \/><\/span>\n\t\t\t<\/p>\n\t\t<\/div>\n\t\t<div class=\"form-post-campo\">\n\t\t\t<p><span class=\"wpcf7-form-control-wrap\" data-name=\"telefono\"><input size=\"40\" maxlength=\"400\" class=\"wpcf7-form-control wpcf7-tel wpcf7-validates-as-required wpcf7-text wpcf7-validates-as-tel\" aria-required=\"true\" aria-invalid=\"false\" placeholder=\"Tel\u00e9fono\" value=\"\" type=\"tel\" name=\"telefono\" \/><\/span>\n\t\t\t<\/p>\n\t\t<\/div>\n\t\t<div class=\"form-post-boton\">\n\t\t\t<p><input class=\"wpcf7-form-control wpcf7-submit has-spinner\" type=\"submit\" value=\"Enviar\" \/>\n\t\t\t<\/p>\n\t\t<\/div>\n\t<\/div>\n\t<div class=\"clear\">\n\t<\/div>\n\t<div class=\"form-post-politica\">\n\t\t<div>\n\t\t\t<p><span class=\"wpcf7-form-control-wrap\" data-name=\"acceptance-498\"><span class=\"wpcf7-form-control wpcf7-acceptance\"><span class=\"wpcf7-list-item\"><input type=\"checkbox\" name=\"acceptance-498\" value=\"1\" aria-invalid=\"false\" \/><\/span><\/span><\/span>\n\t\t\t<\/p>\n\t\t<\/div>\n\t\t<div>\n\t\t\t<p>He le\u00eddo la <a href=\"https:\/\/www.fuecapilar.com\/privacy-policy\/\">pol\u00edtica de privacidad<\/a>\n\t\t\t<\/p>\n\t\t<\/div>\n\t<\/div>\n<\/div><div class=\"wpcf7-response-output\" aria-hidden=\"true\"><\/div>\n<\/form>\n<\/div>\n\n<h3>Biolog\u00eda<\/h3>\n<p>Aunque influyen m\u00e1s otros factores, los seres humanos no dejamos de regirnos por la<strong> biolog\u00eda<\/strong> y, en el imaginario popular, una persona con el <strong>cabello frondoso<\/strong> est\u00e1<strong> sana<\/strong> y es <strong>f\u00e9rtil<\/strong>. El canon de belleza occidental busca el equilibrio y, en consecuencia, todo lo que se considere extremo est\u00e1 mal visto e influye en la consideraci\u00f3n que las personas tendr\u00e1n.<\/p>\n<p>Todos estos factores hacen que las distintas t\u00e9cnicas para recuperar el cabello tengan importancia, sobre todo en personas j\u00f3venes que lo est\u00e1n perdiendo prematuramente.<\/p>\n<h2>El microinjerto capilar<\/h2>\n<p>Estos motivos son los que hacen aconsejable un <strong>microinjerto capilar<\/strong> porque, de esta forma, se puede trasplantar el cabello desde zonas donde hay hasta aquellos lugares donde hay falta. Si se siguen las indicaciones adecuadas, el resultado es \u00f3ptimo porque se consigue fijar el cabello donde falta y lograr una composici\u00f3n.<\/p>\n<p>Cuando optas por un microinjerto, has de saber que contar\u00e1s con un asesoramiento especializado porque, aunque no tiene grandes complicaciones, hay que realizar una extracci\u00f3n previa.<\/p>\n<h2>Conclusi\u00f3n<\/h2>\n<p>Combatir los problemas psicol\u00f3gicos por la <strong>alopecia <\/strong>gracias al<strong> trasplante capilar en mujeres <\/strong>y <strong>hombres <\/strong>es una alternativa interesante para cualquier adulto, siempre y cuando se realice en una <a href=\"https:\/\/fuecapilar.com\/grupo\/hospital\/\">cl\u00ednica especializada y con experiencia<\/a>. Por este motivo, hoy puedes resolver este problema sin que te suponga un gasto inasumible.<\/p>\n","protected":false},"excerpt":{"rendered":"<p>La alopecia puede generar una serie de problemas psicol\u00f3gicos para quien la padece, en especial en los casos precoces y que est\u00e1n asociados a determinadas circunstancias de g\u00e9nero. Este es el motivo por el que t\u00e9cnicas como el microinjerto capilar son aconsejables para que una persona se sienta bien con su imagen. En este art\u00edculo [&hellip;]<\/p>\n","protected":false},"author":2,"featured_media":2851,"comment_status":"open","ping_status":"open","sticky":false,"template":"","format":"standard","meta":{"site-sidebar-layout":"default","site-content-layout":"default","ast-site-content-layout":"","site-content-style":"default","site-sidebar-style":"default","ast-global-header-display":"","ast-banner-title-visibility":"","ast-main-header-display":"","ast-hfb-above-header-display":"","ast-hfb-below-header-display":"","ast-hfb-mobile-header-display":"","site-post-title":"","ast-breadcrumbs-content":"","ast-featured-img":"","footer-sml-layout":"","theme-transparent-header-meta":"default","adv-header-id-meta":"","stick-header-meta":"","header-above-stick-meta":"","header-main-stick-meta":"","header-below-stick-meta":"","astra-migrate-meta-layouts":"default","ast-page-background-enabled":"default","ast-page-background-meta":{"desktop":{"background-color":"var(--ast-global-color-4)","background-image":"","background-repeat":"repeat","background-position":"center center","background-size":"auto","background-attachment":"scroll","background-type":"","background-media":"","overlay-type":"","overlay-color":"","overlay-opacity":"","overlay-gradient":""},"tablet":{"background-color":"","background-image":"","background-repeat":"repeat","background-position":"center center","background-size":"auto","background-attachment":"scroll","background-type":"","background-media":"","overlay-type":"","overlay-color":"","overlay-opacity":"","overlay-gradient":""},"mobile":{"background-color":"","background-image":"","background-repeat":"repeat","background-position":"center center","background-size":"auto","background-attachment":"scroll","background-type":"","background-media":"","overlay-type":"","overlay-color":"","overlay-opacity":"","overlay-gradient":""}},"ast-content-background-meta":{"desktop":{"background-color":"var(--ast-global-color-5)","background-image":"","background-repeat":"repeat","background-position":"center center","background-size":"auto","background-attachment":"scroll","background-type":"","background-media":"","overlay-type":"","overlay-color":"","overlay-opacity":"","overlay-gradient":""},"tablet":{"background-color":"var(--ast-global-color-5)","background-image":"","background-repeat":"repeat","background-position":"center center","background-size":"auto","background-attachment":"scroll","background-type":"","background-media":"","overlay-type":"","overlay-color":"","overlay-opacity":"","overlay-gradient":""},"mobile":{"background-color":"var(--ast-global-color-5)","background-image":"","background-repeat":"repeat","background-position":"center center","background-size":"auto","background-attachment":"scroll","background-type":"","background-media":"","overlay-type":"","overlay-color":"","overlay-opacity":"","overlay-gradient":""}},"footnotes":""},"categories":[],"tags":[125,123,124],"class_list":["post-2850","post","type-post","status-publish","format-standard","has-post-thumbnail","hentry","tag-microinjerto-capilar","tag-problema-capilar-alopecia","tag-problemas-psicologicos-alopecia"],"yoast_head":"<!-- This site is optimized with the Yoast SEO plugin v27.4 - https:\/\/yoast.com\/product\/yoast-seo-wordpress\/ -->\n<title>Problemas psicol\u00f3gicos por la alopecia - FUECAPILAR<\/title>\n<meta name=\"description\" content=\"Alopecia, en este art\u00edculo vamos a hablar de los distintos problemas que una persona puede experimentar a un nivel psicol\u00f3gico por perder el cabello.\" \/>\n<meta name=\"robots\" content=\"index, follow, max-snippet:-1, max-image-preview:large, max-video-preview:-1\" \/>\n<link rel=\"canonical\" href=\"https:\/\/fuecapilar.com\/es\/problemas-psicologicos-la-alopecia\/\" \/>\n<meta property=\"og:locale\" content=\"es_ES\" \/>\n<meta property=\"og:type\" content=\"article\" \/>\n<meta property=\"og:title\" content=\"Problemas psicol\u00f3gicos por la alopecia - FUECAPILAR\" \/>\n<meta property=\"og:description\" content=\"Alopecia, en este art\u00edculo vamos a hablar de los distintos problemas que una persona puede experimentar a un nivel psicol\u00f3gico por perder el cabello.\" \/>\n<meta property=\"og:url\" content=\"https:\/\/fuecapilar.com\/es\/problemas-psicologicos-la-alopecia\/\" \/>\n<meta property=\"og:site_name\" content=\"FUECAPILAR\" \/>\n<meta property=\"article:published_time\" content=\"2018-02-12T07:35:16+00:00\" \/>\n<meta property=\"article:modified_time\" content=\"2023-09-12T15:52:28+00:00\" \/>\n<meta property=\"og:image\" content=\"https:\/\/fuecapilar.com\/wp-content\/uploads\/2018\/02\/alopecia.jpg\" \/>\n\t<meta property=\"og:image:width\" content=\"769\" \/>\n\t<meta property=\"og:image:height\" content=\"418\" \/>\n\t<meta property=\"og:image:type\" content=\"image\/jpeg\" \/>\n<meta name=\"author\" content=\"fuecapilar\" \/>\n<meta name=\"twitter:card\" content=\"summary_large_image\" \/>\n<meta name=\"twitter:label1\" content=\"Escrito por\" \/>\n\t<meta name=\"twitter:data1\" content=\"fuecapilar\" \/>\n\t<meta name=\"twitter:label2\" content=\"Tiempo de lectura\" \/>\n\t<meta name=\"twitter:data2\" content=\"3 minutos\" \/>\n<script type=\"application\/ld+json\" class=\"yoast-schema-graph\">{\"@context\":\"https:\\\/\\\/schema.org\",\"@graph\":[{\"@type\":\"Article\",\"@id\":\"https:\\\/\\\/fuecapilar.com\\\/es\\\/problemas-psicologicos-la-alopecia\\\/#article\",\"isPartOf\":{\"@id\":\"https:\\\/\\\/fuecapilar.com\\\/es\\\/problemas-psicologicos-la-alopecia\\\/\"},\"author\":{\"name\":\"fuecapilar\",\"@id\":\"https:\\\/\\\/fuecapilar.com\\\/#\\\/schema\\\/person\\\/76e22a8dbc23e73c56c4e753c31c3b95\"},\"headline\":\"Problemas psicol\u00f3gicos por la alopecia\",\"datePublished\":\"2018-02-12T07:35:16+00:00\",\"dateModified\":\"2023-09-12T15:52:28+00:00\",\"mainEntityOfPage\":{\"@id\":\"https:\\\/\\\/fuecapilar.com\\\/es\\\/problemas-psicologicos-la-alopecia\\\/\"},\"wordCount\":562,\"commentCount\":0,\"publisher\":{\"@id\":\"https:\\\/\\\/fuecapilar.com\\\/#organization\"},\"image\":{\"@id\":\"https:\\\/\\\/fuecapilar.com\\\/es\\\/problemas-psicologicos-la-alopecia\\\/#primaryimage\"},\"thumbnailUrl\":\"https:\\\/\\\/fuecapilar.com\\\/wp-content\\\/uploads\\\/2018\\\/02\\\/alopecia.jpg\",\"keywords\":[\"microinjerto capilar\",\"problema capilar alopecia\",\"problemas psicologicos alopecia\"],\"inLanguage\":\"es\",\"potentialAction\":[{\"@type\":\"CommentAction\",\"name\":\"Comment\",\"target\":[\"https:\\\/\\\/fuecapilar.com\\\/es\\\/problemas-psicologicos-la-alopecia\\\/#respond\"]}]},{\"@type\":\"WebPage\",\"@id\":\"https:\\\/\\\/fuecapilar.com\\\/es\\\/problemas-psicologicos-la-alopecia\\\/\",\"url\":\"https:\\\/\\\/fuecapilar.com\\\/es\\\/problemas-psicologicos-la-alopecia\\\/\",\"name\":\"Problemas psicol\u00f3gicos por la alopecia - FUECAPILAR\",\"isPartOf\":{\"@id\":\"https:\\\/\\\/fuecapilar.com\\\/#website\"},\"primaryImageOfPage\":{\"@id\":\"https:\\\/\\\/fuecapilar.com\\\/es\\\/problemas-psicologicos-la-alopecia\\\/#primaryimage\"},\"image\":{\"@id\":\"https:\\\/\\\/fuecapilar.com\\\/es\\\/problemas-psicologicos-la-alopecia\\\/#primaryimage\"},\"thumbnailUrl\":\"https:\\\/\\\/fuecapilar.com\\\/wp-content\\\/uploads\\\/2018\\\/02\\\/alopecia.jpg\",\"datePublished\":\"2018-02-12T07:35:16+00:00\",\"dateModified\":\"2023-09-12T15:52:28+00:00\",\"description\":\"Alopecia, en este art\u00edculo vamos a hablar de los distintos problemas que una persona puede experimentar a un nivel psicol\u00f3gico por perder el cabello.\",\"breadcrumb\":{\"@id\":\"https:\\\/\\\/fuecapilar.com\\\/es\\\/problemas-psicologicos-la-alopecia\\\/#breadcrumb\"},\"inLanguage\":\"es\",\"potentialAction\":[{\"@type\":\"ReadAction\",\"target\":[\"https:\\\/\\\/fuecapilar.com\\\/es\\\/problemas-psicologicos-la-alopecia\\\/\"]}]},{\"@type\":\"ImageObject\",\"inLanguage\":\"es\",\"@id\":\"https:\\\/\\\/fuecapilar.com\\\/es\\\/problemas-psicologicos-la-alopecia\\\/#primaryimage\",\"url\":\"https:\\\/\\\/fuecapilar.com\\\/wp-content\\\/uploads\\\/2018\\\/02\\\/alopecia.jpg\",\"contentUrl\":\"https:\\\/\\\/fuecapilar.com\\\/wp-content\\\/uploads\\\/2018\\\/02\\\/alopecia.jpg\",\"width\":769,\"height\":418},{\"@type\":\"BreadcrumbList\",\"@id\":\"https:\\\/\\\/fuecapilar.com\\\/es\\\/problemas-psicologicos-la-alopecia\\\/#breadcrumb\",\"itemListElement\":[{\"@type\":\"ListItem\",\"position\":1,\"name\":\"Home\",\"item\":\"https:\\\/\\\/fuecapilar.com\\\/es\\\/\"},{\"@type\":\"ListItem\",\"position\":2,\"name\":\"Problemas psicol\u00f3gicos por la alopecia\"}]},{\"@type\":\"WebSite\",\"@id\":\"https:\\\/\\\/fuecapilar.com\\\/#website\",\"url\":\"https:\\\/\\\/fuecapilar.com\\\/\",\"name\":\"FUECAPILAR\",\"description\":\"Surgery performed by a surgeon\",\"publisher\":{\"@id\":\"https:\\\/\\\/fuecapilar.com\\\/#organization\"},\"potentialAction\":[{\"@type\":\"SearchAction\",\"target\":{\"@type\":\"EntryPoint\",\"urlTemplate\":\"https:\\\/\\\/fuecapilar.com\\\/?s={search_term_string}\"},\"query-input\":{\"@type\":\"PropertyValueSpecification\",\"valueRequired\":true,\"valueName\":\"search_term_string\"}}],\"inLanguage\":\"es\"},{\"@type\":\"Organization\",\"@id\":\"https:\\\/\\\/fuecapilar.com\\\/#organization\",\"name\":\"FUECAPILAR\",\"url\":\"https:\\\/\\\/fuecapilar.com\\\/\",\"logo\":{\"@type\":\"ImageObject\",\"inLanguage\":\"es\",\"@id\":\"https:\\\/\\\/fuecapilar.com\\\/#\\\/schema\\\/logo\\\/image\\\/\",\"url\":\"https:\\\/\\\/fuecapilar.com\\\/wp-content\\\/uploads\\\/2023\\\/04\\\/fuecapilar-logo.png\",\"contentUrl\":\"https:\\\/\\\/fuecapilar.com\\\/wp-content\\\/uploads\\\/2023\\\/04\\\/fuecapilar-logo.png\",\"width\":400,\"height\":85,\"caption\":\"FUECAPILAR\"},\"image\":{\"@id\":\"https:\\\/\\\/fuecapilar.com\\\/#\\\/schema\\\/logo\\\/image\\\/\"}},{\"@type\":\"Person\",\"@id\":\"https:\\\/\\\/fuecapilar.com\\\/#\\\/schema\\\/person\\\/76e22a8dbc23e73c56c4e753c31c3b95\",\"name\":\"fuecapilar\",\"image\":{\"@type\":\"ImageObject\",\"inLanguage\":\"es\",\"@id\":\"https:\\\/\\\/secure.gravatar.com\\\/avatar\\\/951a14ccd73caa77e3dbef5ef02f3eaebe8c9a193f5c7f80c0479a7b876d8440?s=96&d=mm&r=g\",\"url\":\"https:\\\/\\\/secure.gravatar.com\\\/avatar\\\/951a14ccd73caa77e3dbef5ef02f3eaebe8c9a193f5c7f80c0479a7b876d8440?s=96&d=mm&r=g\",\"contentUrl\":\"https:\\\/\\\/secure.gravatar.com\\\/avatar\\\/951a14ccd73caa77e3dbef5ef02f3eaebe8c9a193f5c7f80c0479a7b876d8440?s=96&d=mm&r=g\",\"caption\":\"fuecapilar\"},\"url\":\"https:\\\/\\\/fuecapilar.com\\\/es\\\/author\\\/fuecapilar\\\/\"}]}<\/script>\n<!-- \/ Yoast SEO plugin. -->","yoast_head_json":{"title":"Problemas psicol\u00f3gicos por la alopecia - FUECAPILAR","description":"Alopecia, en este art\u00edculo vamos a hablar de los distintos problemas que una persona puede experimentar a un nivel psicol\u00f3gico por perder el cabello.","robots":{"index":"index","follow":"follow","max-snippet":"max-snippet:-1","max-image-preview":"max-image-preview:large","max-video-preview":"max-video-preview:-1"},"canonical":"https:\/\/fuecapilar.com\/es\/problemas-psicologicos-la-alopecia\/","og_locale":"es_ES","og_type":"article","og_title":"Problemas psicol\u00f3gicos por la alopecia - FUECAPILAR","og_description":"Alopecia, en este art\u00edculo vamos a hablar de los distintos problemas que una persona puede experimentar a un nivel psicol\u00f3gico por perder el cabello.","og_url":"https:\/\/fuecapilar.com\/es\/problemas-psicologicos-la-alopecia\/","og_site_name":"FUECAPILAR","article_published_time":"2018-02-12T07:35:16+00:00","article_modified_time":"2023-09-12T15:52:28+00:00","og_image":[{"width":769,"height":418,"url":"https:\/\/fuecapilar.com\/wp-content\/uploads\/2018\/02\/alopecia.jpg","type":"image\/jpeg"}],"author":"fuecapilar","twitter_card":"summary_large_image","twitter_misc":{"Escrito por":"fuecapilar","Tiempo de lectura":"3 minutos"},"schema":{"@context":"https:\/\/schema.org","@graph":[{"@type":"Article","@id":"https:\/\/fuecapilar.com\/es\/problemas-psicologicos-la-alopecia\/#article","isPartOf":{"@id":"https:\/\/fuecapilar.com\/es\/problemas-psicologicos-la-alopecia\/"},"author":{"name":"fuecapilar","@id":"https:\/\/fuecapilar.com\/#\/schema\/person\/76e22a8dbc23e73c56c4e753c31c3b95"},"headline":"Problemas psicol\u00f3gicos por la alopecia","datePublished":"2018-02-12T07:35:16+00:00","dateModified":"2023-09-12T15:52:28+00:00","mainEntityOfPage":{"@id":"https:\/\/fuecapilar.com\/es\/problemas-psicologicos-la-alopecia\/"},"wordCount":562,"commentCount":0,"publisher":{"@id":"https:\/\/fuecapilar.com\/#organization"},"image":{"@id":"https:\/\/fuecapilar.com\/es\/problemas-psicologicos-la-alopecia\/#primaryimage"},"thumbnailUrl":"https:\/\/fuecapilar.com\/wp-content\/uploads\/2018\/02\/alopecia.jpg","keywords":["microinjerto capilar","problema capilar alopecia","problemas psicologicos alopecia"],"inLanguage":"es","potentialAction":[{"@type":"CommentAction","name":"Comment","target":["https:\/\/fuecapilar.com\/es\/problemas-psicologicos-la-alopecia\/#respond"]}]},{"@type":"WebPage","@id":"https:\/\/fuecapilar.com\/es\/problemas-psicologicos-la-alopecia\/","url":"https:\/\/fuecapilar.com\/es\/problemas-psicologicos-la-alopecia\/","name":"Problemas psicol\u00f3gicos por la alopecia - FUECAPILAR","isPartOf":{"@id":"https:\/\/fuecapilar.com\/#website"},"primaryImageOfPage":{"@id":"https:\/\/fuecapilar.com\/es\/problemas-psicologicos-la-alopecia\/#primaryimage"},"image":{"@id":"https:\/\/fuecapilar.com\/es\/problemas-psicologicos-la-alopecia\/#primaryimage"},"thumbnailUrl":"https:\/\/fuecapilar.com\/wp-content\/uploads\/2018\/02\/alopecia.jpg","datePublished":"2018-02-12T07:35:16+00:00","dateModified":"2023-09-12T15:52:28+00:00","description":"Alopecia, en este art\u00edculo vamos a hablar de los distintos problemas que una persona puede experimentar a un nivel psicol\u00f3gico por perder el cabello.","breadcrumb":{"@id":"https:\/\/fuecapilar.com\/es\/problemas-psicologicos-la-alopecia\/#breadcrumb"},"inLanguage":"es","potentialAction":[{"@type":"ReadAction","target":["https:\/\/fuecapilar.com\/es\/problemas-psicologicos-la-alopecia\/"]}]},{"@type":"ImageObject","inLanguage":"es","@id":"https:\/\/fuecapilar.com\/es\/problemas-psicologicos-la-alopecia\/#primaryimage","url":"https:\/\/fuecapilar.com\/wp-content\/uploads\/2018\/02\/alopecia.jpg","contentUrl":"https:\/\/fuecapilar.com\/wp-content\/uploads\/2018\/02\/alopecia.jpg","width":769,"height":418},{"@type":"BreadcrumbList","@id":"https:\/\/fuecapilar.com\/es\/problemas-psicologicos-la-alopecia\/#breadcrumb","itemListElement":[{"@type":"ListItem","position":1,"name":"Home","item":"https:\/\/fuecapilar.com\/es\/"},{"@type":"ListItem","position":2,"name":"Problemas psicol\u00f3gicos por la alopecia"}]},{"@type":"WebSite","@id":"https:\/\/fuecapilar.com\/#website","url":"https:\/\/fuecapilar.com\/","name":"FUECAPILAR","description":"Surgery performed by a surgeon","publisher":{"@id":"https:\/\/fuecapilar.com\/#organization"},"potentialAction":[{"@type":"SearchAction","target":{"@type":"EntryPoint","urlTemplate":"https:\/\/fuecapilar.com\/?s={search_term_string}"},"query-input":{"@type":"PropertyValueSpecification","valueRequired":true,"valueName":"search_term_string"}}],"inLanguage":"es"},{"@type":"Organization","@id":"https:\/\/fuecapilar.com\/#organization","name":"FUECAPILAR","url":"https:\/\/fuecapilar.com\/","logo":{"@type":"ImageObject","inLanguage":"es","@id":"https:\/\/fuecapilar.com\/#\/schema\/logo\/image\/","url":"https:\/\/fuecapilar.com\/wp-content\/uploads\/2023\/04\/fuecapilar-logo.png","contentUrl":"https:\/\/fuecapilar.com\/wp-content\/uploads\/2023\/04\/fuecapilar-logo.png","width":400,"height":85,"caption":"FUECAPILAR"},"image":{"@id":"https:\/\/fuecapilar.com\/#\/schema\/logo\/image\/"}},{"@type":"Person","@id":"https:\/\/fuecapilar.com\/#\/schema\/person\/76e22a8dbc23e73c56c4e753c31c3b95","name":"fuecapilar","image":{"@type":"ImageObject","inLanguage":"es","@id":"https:\/\/secure.gravatar.com\/avatar\/951a14ccd73caa77e3dbef5ef02f3eaebe8c9a193f5c7f80c0479a7b876d8440?s=96&d=mm&r=g","url":"https:\/\/secure.gravatar.com\/avatar\/951a14ccd73caa77e3dbef5ef02f3eaebe8c9a193f5c7f80c0479a7b876d8440?s=96&d=mm&r=g","contentUrl":"https:\/\/secure.gravatar.com\/avatar\/951a14ccd73caa77e3dbef5ef02f3eaebe8c9a193f5c7f80c0479a7b876d8440?s=96&d=mm&r=g","caption":"fuecapilar"},"url":"https:\/\/fuecapilar.com\/es\/author\/fuecapilar\/"}]}},"_links":{"self":[{"href":"https:\/\/fuecapilar.com\/es\/wp-json\/wp\/v2\/posts\/2850","targetHints":{"allow":["GET"]}}],"collection":[{"href":"https:\/\/fuecapilar.com\/es\/wp-json\/wp\/v2\/posts"}],"about":[{"href":"https:\/\/fuecapilar.com\/es\/wp-json\/wp\/v2\/types\/post"}],"author":[{"embeddable":true,"href":"https:\/\/fuecapilar.com\/es\/wp-json\/wp\/v2\/users\/2"}],"replies":[{"embeddable":true,"href":"https:\/\/fuecapilar.com\/es\/wp-json\/wp\/v2\/comments?post=2850"}],"version-history":[{"count":1,"href":"https:\/\/fuecapilar.com\/es\/wp-json\/wp\/v2\/posts\/2850\/revisions"}],"predecessor-version":[{"id":3179,"href":"https:\/\/fuecapilar.com\/es\/wp-json\/wp\/v2\/posts\/2850\/revisions\/3179"}],"wp:featuredmedia":[{"embeddable":true,"href":"https:\/\/fuecapilar.com\/es\/wp-json\/wp\/v2\/media\/2851"}],"wp:attachment":[{"href":"https:\/\/fuecapilar.com\/es\/wp-json\/wp\/v2\/media?parent=2850"}],"wp:term":[{"taxonomy":"category","embeddable":true,"href":"https:\/\/fuecapilar.com\/es\/wp-json\/wp\/v2\/categories?post=2850"},{"taxonomy":"post_tag","embeddable":true,"href":"https:\/\/fuecapilar.com\/es\/wp-json\/wp\/v2\/tags?post=2850"}],"curies":[{"name":"wp","href":"https:\/\/api.w.org\/{rel}","templated":true}]}}